{"id":124,"date":"2013-12-04T19:17:49","date_gmt":"2013-12-04T17:17:49","guid":{"rendered":"http:\/\/www.max-weber-berufskolleg.de\/web\/?p=124"},"modified":"2013-12-04T19:17:49","modified_gmt":"2013-12-04T17:17:49","slug":"gut-informiert","status":"publish","type":"post","link":"https:\/\/www.max-weber-berufskolleg.de\/web\/gut-informiert\/","title":{"rendered":"Gut informiert&#8230;"},"content":{"rendered":"<p>Wann findet diese Woche der Termin f\u00fcr die Berufsberatung statt? Befindet sich diese Woche externer Besuch im Hause? Welche Veranstaltungen finden diese Woche in der Schule statt? &#8230;<\/p>\n<p>Eine Antwort auf diese Fragen erhalten Sie ab sofort durch den neuen Veranstaltungskalender! Diesen finden Sie auf der 1. Etage im Gang zwischen dem F- und N-Trakt.<br \/>\nAlso immer mal wieder drauf schauen &#8230; und \u00fcber alles informiert sein!<\/p>\n<p>Sandra Peters (f\u00fcr die Steuergruppe des Max-Weber-Berufskollegs)<\/p>\n<p style=\"text-align: center;\"><a href=\"https:\/\/i0.wp.com\/www.max-weber-berufskolleg.de\/web\/wp-content\/uploads\/2013\/12\/PinnwandMWBK.jpg?ssl=1\"><img loading=\"lazy\" decoding=\"async\" data-attachment-id=\"125\" data-permalink=\"https:\/\/www.max-weber-berufskolleg.de\/web\/gut-informiert\/pinnwandmwbk\/\" data-orig-file=\"https:\/\/i0.wp.com\/www.max-weber-berufskolleg.de\/web\/wp-content\/uploads\/2013\/12\/PinnwandMWBK.jpg?fit=480%2C640&amp;ssl=1\" data-orig-size=\"480,640\" data-comments-opened=\"1\" data-image-meta=\"{&quot;aperture&quot;:&quot;0&quot;,&quot;credit&quot;:&quot;&quot;,&quot;camera&quot;:&quot;&quot;,&quot;caption&quot;:&quot;&quot;,&quot;created_timestamp&quot;:&quot;0&quot;,&quot;copyright&quot;:&quot;&quot;,&quot;focal_length&quot;:&quot;0&quot;,&quot;iso&quot;:&quot;0&quot;,&quot;shutter_speed&quot;:&quot;0&quot;,&quot;title&quot;:&quot;&quot;}\" data-image-title=\"Pinnwand MWBK\" data-image-description=\"\" data-image-caption=\"\" data-medium-file=\"https:\/\/i0.wp.com\/www.max-weber-berufskolleg.de\/web\/wp-content\/uploads\/2013\/12\/PinnwandMWBK.jpg?fit=225%2C300&amp;ssl=1\" data-large-file=\"https:\/\/i0.wp.com\/www.max-weber-berufskolleg.de\/web\/wp-content\/uploads\/2013\/12\/PinnwandMWBK.jpg?fit=480%2C640&amp;ssl=1\" class=\"size-full wp-image-125 aligncenter\" alt=\"Pinnwand MWBK\" src=\"https:\/\/i0.wp.com\/www.max-weber-berufskolleg.de\/web\/wp-content\/uploads\/2013\/12\/PinnwandMWBK.jpg?resize=480%2C640&#038;ssl=1\" width=\"480\" height=\"640\" srcset=\"https:\/\/i0.wp.com\/www.max-weber-berufskolleg.de\/web\/wp-content\/uploads\/2013\/12\/PinnwandMWBK.jpg?w=480&amp;ssl=1 480w, https:\/\/i0.wp.com\/www.max-weber-berufskolleg.de\/web\/wp-content\/uploads\/2013\/12\/PinnwandMWBK.jpg?resize=225%2C300&amp;ssl=1 225w\" sizes=\"auto, (max-width: 480px) 100vw, 480px\" data-recalc-dims=\"1\" \/><\/a><\/p>\n<div class=\"twoclick_social_bookmarks_post_124 social_share_privacy clearfix 1.6.4 locale-de_DE sprite-de_DE\"><\/div><div class=\"twoclick-js\"><script type=\"text\/javascript\">\/* <![CDATA[ *\/\njQuery(document).ready(function($){if($('.twoclick_social_bookmarks_post_124')){$('.twoclick_social_bookmarks_post_124').socialSharePrivacy({\"services\":{\"facebook\":{\"status\":\"on\",\"txt_info\":\"2 Klicks f\\u00fcr mehr Datenschutz: Erst wenn Sie hier klicken, wird der Button aktiv und Sie k\\u00f6nnen Ihre Empfehlung an Facebook senden. Schon beim Aktivieren werden Daten an Dritte \\u00fcbertragen - siehe <em>i<\\\/em>.\",\"perma_option\":\"off\",\"action\":\"recommend\",\"language\":\"de_DE\"},\"twitter\":{\"reply_to\":\"\",\"tweet_text\":\"Gut%20informiert%E2%80%A6%20%C2%BB%20MWBK%20D%C3%BCsseldorf\",\"status\":\"on\",\"txt_info\":\"2 Klicks f\\u00fcr mehr Datenschutz: Erst wenn Sie hier klicken, wird der Button aktiv und Sie k\\u00f6nnen Ihre Empfehlung an Twitter senden. Schon beim Aktivieren werden Daten an Dritte \\u00fcbertragen - siehe <em>i<\\\/em>.\",\"perma_option\":\"off\",\"language\":\"de\",\"referrer_track\":\"\"}},\"txt_help\":\"Wenn Sie diese Felder durch einen Klick aktivieren, werden Informationen an Facebook, Twitter, Flattr, Xing, t3n, LinkedIn, Pinterest oder Google eventuell ins Ausland \\u00fcbertragen und unter Umst\\u00e4nden auch dort gespeichert. N\\u00e4heres erfahren Sie durch einen Klick auf das <em>i<\\\/em>.\",\"settings_perma\":\"Dauerhaft aktivieren und Daten\\u00fcber-tragung zustimmen:\",\"info_link\":\"http:\\\/\\\/www.heise.de\\\/ct\\\/artikel\\\/2-Klicks-fuer-mehr-Datenschutz-1333879.html\",\"uri\":\"https:\\\/\\\/www.max-weber-berufskolleg.de\\\/web\\\/gut-informiert\\\/\",\"post_id\":124,\"post_title_referrer_track\":\"Gut+informiert%26%238230%3B\",\"display_infobox\":\"on\"});}});\n\/* ]]> *\/<\/script><\/div>","protected":false},"excerpt":{"rendered":"<p>Wann findet diese Woche der Termin f\u00fcr die Berufsberatung statt? Befindet sich diese Woche externer Besuch im Hause? Welche Veranstaltungen finden diese Woche in der Schule statt? &#8230; Eine Antwort auf diese Fragen erhalten Sie ab sofort durch den neuen Veranstaltungskalender! Diesen finden Sie auf der 1. Etage im Gang zwischen dem F- und N-Trakt. &#8230;<a class=\"post-readmore\" href=\"https:\/\/www.max-weber-berufskolleg.de\/web\/gut-informiert\/\">read more<\/a><\/p>\n","protected":false},"author":9,"featured_media":125,"comment_status":"open","ping_status":"open","sticky":false,"template":"","format":"standard","meta":{"jetpack_post_was_ever_published":false,"footnotes":"","_expiration-date-status":"","_expiration-date":0,"_expiration-date-type":"","_expiration-date-categories":[],"_expiration-date-options":[]},"categories":[1],"tags":[],"class_list":["post-124","post","type-post","status-publish","format-standard","has-post-thumbnail","hentry","category-allgemein"],"jetpack_featured_media_url":"https:\/\/i0.wp.com\/www.max-weber-berufskolleg.de\/web\/wp-content\/uploads\/2013\/12\/PinnwandMWBK.jpg?fit=480%2C640&ssl=1","jetpack-related-posts":[{"id":5210,"url":"https:\/\/www.max-weber-berufskolleg.de\/web\/unterrichtseinstellung-ab-montag-16-maerz-2020-regelungen-fuer-unsere-schueler\/","url_meta":{"origin":124,"position":0},"title":"Corona &#8211; Informationen f\u00fcr Sch\u00fcler und Ausbilder &#8211; fortlaufende Aktualisierungen bis zum 16.04.2020","date":"13. M\u00e4rz 2020","format":false,"excerpt":"Hinweis: Dieser Artikel ist geschlossen. Er gibt die Entwicklung bis zum 16.04.2020 wieder! Neuere Informationen erhalten Sie hier! Update 05.04.2020 13:00 h Pr\u00fcfungen der Handwerkskammer (neue Termine bzw. Terminbest\u00e4tigung) \u00a0Die Abschlusspr\u00fcfungen 1. Teil, beispielsweise im Beruf \"B\u00fcromanagement\", die Ende April stattfinden sollten, werden auf den regul\u00e4ren Herbst-Termin verlegt. Ausnahme hiervon:\u2026","rel":"","context":"In &quot;Allgemein&quot;","img":{"alt_text":"","src":"https:\/\/i0.wp.com\/www.max-weber-berufskolleg.de\/web\/wp-content\/uploads\/2020\/03\/Schlie\u00df.png?fit=772%2C477&ssl=1&resize=350%2C200","width":350,"height":200},"classes":[]},{"id":5340,"url":"https:\/\/www.max-weber-berufskolleg.de\/web\/wiederbeginn-des-unterrichts23-04-2020\/","url_meta":{"origin":124,"position":1},"title":"Wiederbeginn des Unterrichts nach den Osterferien &#8211; Hinweise und Regelungen","date":"17. April 2020","format":false,"excerpt":"Hinweis: Dieser Artikel wurde zum 16.06.2020 geschlossen. Die neuesten Meldungen stehen oben. Update 01.06.2020 19:00 Uhr: Entsprechend der 21. Schul-Mail k\u00f6nnen wir ab Mittwoch, 03.06.2020 mit einem reduziertem Unterrichtsumfang jetzt auch die allermeisten Unterstufenklassen der Berufsschule wieder beschulen. Alle weiteren wichtigen Informationen sind in dem 5. Brief der Schulleitung zusammengefasst,\u2026","rel":"","context":"In &quot;Allgemein&quot;","img":{"alt_text":"","src":"https:\/\/i0.wp.com\/www.max-weber-berufskolleg.de\/web\/wp-content\/uploads\/2020\/04\/FortsetzungUnterricht2020.jpg?fit=1080%2C1080&ssl=1&resize=350%2C200","width":350,"height":200},"classes":[]},{"id":6303,"url":"https:\/\/www.max-weber-berufskolleg.de\/web\/unterrichtsausweitung-ab-dem-19-04-2021-selbsttestverpflichtung-fuer-unsere-schueler-innen\/","url_meta":{"origin":124,"position":2},"title":"Unterrichtsausweitung ab dem 19.04.2021 &#8211; Selbsttestverpflichtung f\u00fcr unsere Sch\u00fcler\/innen","date":"16. April 2021","format":false,"excerpt":"Sehr geehrte Damen und Herren, die Landesregierung hat uns am Donnerstag mitgeteilt, dass alle Schulen ab dem kommenden Montag, 19. April 2021, wieder zu einem Schulbetrieb im Wechselunterricht zur\u00fcckkehren k\u00f6nnen. Damit leben die Regeln f\u00fcr den Schulbetrieb aus der unmittelbaren Zeit vor den Osterferien wieder auf, d. h. wir sind\u2026","rel":"","context":"In &quot;Allgemein&quot;","img":{"alt_text":"","src":"https:\/\/i0.wp.com\/www.max-weber-berufskolleg.de\/web\/wp-content\/uploads\/2021\/04\/1904weiter.jpg?fit=1200%2C415&ssl=1&resize=350%2C200","width":350,"height":200},"classes":[]},{"id":3747,"url":"https:\/\/www.max-weber-berufskolleg.de\/web\/3in1-karriere-am-max-weber-berufskollegauf-der-ueberholspur-zum-steuerberater-zur-steuerberaterin\/","url_meta":{"origin":124,"position":3},"title":"3in1-Karriere am Max-Weber-Berufskolleg\u2026auf der \u00dcberholspur zum Steuerberater\/zur Steuerberaterin","date":"27. August 2018","format":false,"excerpt":"\u00a0\u201eSteuern\u201c ist f\u00fcr Sie kein rotes Tuch, sondern h\u00f6rt sich f\u00fcr Sie nach spannender Beratung an? Haben Sie Spa\u00df daran, sich tief in steuerliche, rechtliche und betriebswirtschaftliche Zusammenh\u00e4nge einzuarbeiten? K\u00f6nnen Sie sich vorstellen, Mandanten umfassend in steuerlichen Fragestellungen zu beraten? Sie haben bereits die Allgemeine Hochschulreife oder die Fachhochschulreife mit\u2026","rel":"","context":"In &quot;Allgemein&quot;","img":{"alt_text":"","src":"https:\/\/i0.wp.com\/www.max-weber-berufskolleg.de\/web\/wp-content\/uploads\/2017\/11\/SteuerberaterV1.png?fit=424%2C254&ssl=1&resize=350%2C200","width":350,"height":200},"classes":[]},{"id":3132,"url":"https:\/\/www.max-weber-berufskolleg.de\/web\/schnuppertage-2018\/","url_meta":{"origin":124,"position":4},"title":"Schnuppertage 2018 in der H\u00f6heren Handelsschule und der FOS 11\/12","date":"10. Januar 2018","format":false,"excerpt":"Liebe Sch\u00fcler und Sch\u00fclerinnen, wir freuen uns sehr \u00fcber Ihr Interesse an unserer Schule. Die diesj\u00e4hrigen Schnuppertage finden vom 22.01.- 01.02.2018 statt. Diese erm\u00f6glichen Ihnen einen intensiven Einblick in den Schulalltag unserer Fachoberschule 11\/12 sowie unserer H\u00f6heren Handelsschule. F\u00fcr die diesj\u00e4hrigen Schnuppertage melden Sie sich am Dienstag, 16.01.2018 von 16-18\u2026","rel":"","context":"In &quot;Allgemein&quot;","img":{"alt_text":"","src":"https:\/\/i0.wp.com\/www.max-weber-berufskolleg.de\/web\/wp-content\/uploads\/2017\/01\/road-sign-799141_640.jpg?fit=640%2C423&ssl=1&resize=350%2C200","width":350,"height":200},"classes":[]},{"id":3476,"url":"https:\/\/www.max-weber-berufskolleg.de\/web\/bsmartzugast2018\/","url_meta":{"origin":124,"position":5},"title":"Europa zu Gast am Max-Weber-Berufskolleg","date":"1. Mai 2018","format":false,"excerpt":"Im Rahmen eines Projekttreffens des Erasmus+-Projektes B.Smart4Europe waren vom 16. bis zum 20. April 2018 Sch\u00fclerinnen und Sch\u00fcler von f\u00fcnf europ\u00e4ischen Partnerschulen in Begleitung von Lehrkr\u00e4ften zu Gast in D\u00fcsseldorf. W\u00e4hrend die Lehrerinnen und Lehrer sich auf diesem vierten Treffen des Projektes \u00fcber den sprachf\u00f6rdernden Einsatz von Apps im Unterricht\u2026","rel":"","context":"In &quot;Allgemein&quot;","img":{"alt_text":"","src":"https:\/\/i0.wp.com\/www.max-weber-berufskolleg.de\/web\/wp-content\/uploads\/2018\/05\/besmart2018.jpg?fit=1200%2C678&ssl=1&resize=350%2C200","width":350,"height":200},"classes":[]}],"jetpack_sharing_enabled":true,"_links":{"self":[{"href":"https:\/\/www.max-weber-berufskolleg.de\/web\/wp-json\/wp\/v2\/posts\/124","targetHints":{"allow":["GET"]}}],"collection":[{"href":"https:\/\/www.max-weber-berufskolleg.de\/web\/wp-json\/wp\/v2\/posts"}],"about":[{"href":"https:\/\/www.max-weber-berufskolleg.de\/web\/wp-json\/wp\/v2\/types\/post"}],"author":[{"embeddable":true,"href":"https:\/\/www.max-weber-berufskolleg.de\/web\/wp-json\/wp\/v2\/users\/9"}],"replies":[{"embeddable":true,"href":"https:\/\/www.max-weber-berufskolleg.de\/web\/wp-json\/wp\/v2\/comments?post=124"}],"version-history":[{"count":1,"href":"https:\/\/www.max-weber-berufskolleg.de\/web\/wp-json\/wp\/v2\/posts\/124\/revisions"}],"predecessor-version":[{"id":126,"href":"https:\/\/www.max-weber-berufskolleg.de\/web\/wp-json\/wp\/v2\/posts\/124\/revisions\/126"}],"wp:featuredmedia":[{"embeddable":true,"href":"https:\/\/www.max-weber-berufskolleg.de\/web\/wp-json\/wp\/v2\/media\/125"}],"wp:attachment":[{"href":"https:\/\/www.max-weber-berufskolleg.de\/web\/wp-json\/wp\/v2\/media?parent=124"}],"wp:term":[{"taxonomy":"category","embeddable":true,"href":"https:\/\/www.max-weber-berufskolleg.de\/web\/wp-json\/wp\/v2\/categories?post=124"},{"taxonomy":"post_tag","embeddable":true,"href":"https:\/\/www.max-weber-berufskolleg.de\/web\/wp-json\/wp\/v2\/tags?post=124"}],"curies":[{"name":"wp","href":"https:\/\/api.w.org\/{rel}","templated":true}]}}