{"id":1426,"date":"2015-08-20T19:03:28","date_gmt":"2015-08-20T17:03:28","guid":{"rendered":"http:\/\/www.max-weber-berufskolleg.de\/web\/?p=1426"},"modified":"2015-08-22T19:06:00","modified_gmt":"2015-08-22T17:06:00","slug":"praktikum-in-stockholm-ein-bericht","status":"publish","type":"post","link":"https:\/\/www.max-weber-berufskolleg.de\/web\/praktikum-in-stockholm-ein-bericht\/","title":{"rendered":"Praktikum in Stockholm &#8211; ein Bericht"},"content":{"rendered":"<p>Hi, ich hei\u00dfe Maria, bin 22 Jahre alt und mache derzeit eine Ausbildung zur Fachangestellten f\u00fcr Markt- und Sozialforschung in D\u00fcsseldorf. Im Rahmen des Erasmus &#8211; Projektes \u201eCompetences for a European Future\u201c habe ich die M\u00f6glichkeit bekommen ins Ausland zu gehen, um dort in einem Betrieb reinzuschnuppern. Das Projekt f\u00f6rdert L\u00e4nder in der EU inkl. der T\u00fcrkei und f\u00fcr mich ging die Reise nach Stockholm, der Hauptstadt Schwedens.<\/p>\n<p>Am 14 M\u00e4rz diesen Jahres stieg ich nun in den Flieger, der mich sechs Wochen lang aus meiner gewohnten Umgebung raus rei\u00dfen sollte, um mich in einem Land bringen, dessen Kultur und Sprache mir v\u00f6llig unbekannt war. Sechs Wochen in denen ich alleine zurechtkommen muss ohne zu wissen, was mich dort eigentlich genau erwartet. Es war ein ziemlich aufregendes Gef\u00fchl&#8230;doch die Freude war gr\u00f6\u00dfer.<\/p>\n<p>In Stockholm angekommen suchte ich mein Hostel, deponierte mein Gep\u00e4ck und schnappte\u00a0 mir meinen Marc O\u2019Polo Reisef\u00fchrer, um mir meine ersten Eindr\u00fccke von der Stadt zu verschaffen. Fazit: Es ist definitiv eine Reise wert!<\/p>\n<p>Doch die Stadt erkunden war nicht der Hauptgrund meiner Reise. Erfahrungen in einem Betrieb im Ausland zu sammeln stand f\u00fcr mich an erster Stelle. Ich erhoffte mir m\u00f6glichst viele Einblicke in die Arbeitsweisen und -strukturen, das Kennenlernen der verschiedenen Arbeitsbereiche sowie interessante Aufgaben und Projekte. Meine gr\u00f6\u00dfte Motivation war jedoch, die Chance meine Englischkenntnisse dadurch zu verbessern.<\/p>\n<p>Mein Praktikum absolvierte ich in einem Betrieb, dass in erster Linie kein Marktforschungsinstitut war. Vielmehr spezialisiert sich das Unternehmen auf den technischen Support und bietet u.a. Marktforschungsinstitute spezielle L\u00f6sungen f\u00fcr die Optimierung von Online-Panels. F\u00fcr den Zeitraum von sechs Wochen habe ich die Aufgabe bekommen eine Studie in verschiedenen L\u00e4ndern weltweit durchzuf\u00fchren, deren Ergebnisse anschlie\u00dfend f\u00fcr interne Zwecke genutzt werden sollte. D.h. von der Fragebogenentwicklung, der Rekrutierung von Teilnehmern bis hin zur Datenauswertung war ich \u00fcberwiegend selbst daf\u00fcr zust\u00e4ndig. Das Projekt fand sein Ende als ich die Ergebnisse vor versammelter Managementebene pr\u00e4sentieren musste.<\/p>\n<p>R\u00fcckblickend kann ich sagen, dass sich meine Erwartungen gr\u00f6\u00dftenteils erf\u00fcllt haben und ich insgesamt eine aufregende, spannende und lehrreiche Zeit hatte. Alles verlief reibungslos und es h\u00e4tte sch\u00f6ner nicht sein k\u00f6nnen. Ich habe viele nette und aufgeschlossene Pers\u00f6nlichkeiten kennengelernt, gr\u00f6\u00dftenteils Leute aus dem Betrieb, die sich stets um mich gek\u00fcmmert haben und auch nach Feierabend mal was mit mir unternahmen (Irish Pup Besuch, Wandertour oder einfach das Osterfest zusammen verbringen). Ich pers\u00f6nlich bin sehr dankbar daf\u00fcr, dass ich diese M\u00f6glichkeit nutzen durfte und von Seitens meines Unternehmens und der Schule gro\u00dfe Unterst\u00fctzung erfahren konnte. Demnach kann ich den Schritt ins Ausland zu wagen wirklich jedem nur empfehlen!<\/p>\n<p>Maria Vassilakaki<\/p>\n<p><a href=\"https:\/\/i0.wp.com\/www.max-weber-berufskolleg.de\/web\/wp-content\/uploads\/2015\/08\/unnamed1.jpeg?ssl=1\"><img loading=\"lazy\" decoding=\"async\" data-attachment-id=\"1427\" data-permalink=\"https:\/\/www.max-weber-berufskolleg.de\/web\/praktikum-in-stockholm-ein-bericht\/unnamed1\/\" data-orig-file=\"https:\/\/i0.wp.com\/www.max-weber-berufskolleg.de\/web\/wp-content\/uploads\/2015\/08\/unnamed1.jpeg?fit=640%2C360&amp;ssl=1\" data-orig-size=\"640,360\" data-comments-opened=\"1\" data-image-meta=\"{&quot;aperture&quot;:&quot;0&quot;,&quot;credit&quot;:&quot;&quot;,&quot;camera&quot;:&quot;&quot;,&quot;caption&quot;:&quot;&quot;,&quot;created_timestamp&quot;:&quot;0&quot;,&quot;copyright&quot;:&quot;&quot;,&quot;focal_length&quot;:&quot;0&quot;,&quot;iso&quot;:&quot;0&quot;,&quot;shutter_speed&quot;:&quot;0&quot;,&quot;title&quot;:&quot;&quot;,&quot;orientation&quot;:&quot;0&quot;}\" data-image-title=\"unnamed1\" data-image-description=\"\" data-image-caption=\"\" data-medium-file=\"https:\/\/i0.wp.com\/www.max-weber-berufskolleg.de\/web\/wp-content\/uploads\/2015\/08\/unnamed1.jpeg?fit=300%2C169&amp;ssl=1\" data-large-file=\"https:\/\/i0.wp.com\/www.max-weber-berufskolleg.de\/web\/wp-content\/uploads\/2015\/08\/unnamed1.jpeg?fit=640%2C360&amp;ssl=1\" class=\"aligncenter size-medium wp-image-1427\" src=\"https:\/\/i0.wp.com\/www.max-weber-berufskolleg.de\/web\/wp-content\/uploads\/2015\/08\/unnamed1.jpeg?resize=300%2C169&#038;ssl=1\" alt=\"unnamed1\" width=\"300\" height=\"169\" srcset=\"https:\/\/i0.wp.com\/www.max-weber-berufskolleg.de\/web\/wp-content\/uploads\/2015\/08\/unnamed1.jpeg?resize=300%2C169&amp;ssl=1 300w, https:\/\/i0.wp.com\/www.max-weber-berufskolleg.de\/web\/wp-content\/uploads\/2015\/08\/unnamed1.jpeg?w=640&amp;ssl=1 640w\" sizes=\"auto, (max-width: 300px) 100vw, 300px\" data-recalc-dims=\"1\" \/><\/a> <a href=\"https:\/\/i0.wp.com\/www.max-weber-berufskolleg.de\/web\/wp-content\/uploads\/2015\/08\/unnamed.jpeg?ssl=1\"><img loading=\"lazy\" decoding=\"async\" data-attachment-id=\"1428\" data-permalink=\"https:\/\/www.max-weber-berufskolleg.de\/web\/praktikum-in-stockholm-ein-bericht\/unnamed\/\" data-orig-file=\"https:\/\/i0.wp.com\/www.max-weber-berufskolleg.de\/web\/wp-content\/uploads\/2015\/08\/unnamed.jpeg?fit=361%2C640&amp;ssl=1\" data-orig-size=\"361,640\" data-comments-opened=\"1\" data-image-meta=\"{&quot;aperture&quot;:&quot;0&quot;,&quot;credit&quot;:&quot;&quot;,&quot;camera&quot;:&quot;&quot;,&quot;caption&quot;:&quot;&quot;,&quot;created_timestamp&quot;:&quot;0&quot;,&quot;copyright&quot;:&quot;&quot;,&quot;focal_length&quot;:&quot;0&quot;,&quot;iso&quot;:&quot;0&quot;,&quot;shutter_speed&quot;:&quot;0&quot;,&quot;title&quot;:&quot;&quot;,&quot;orientation&quot;:&quot;0&quot;}\" data-image-title=\"unnamed\" data-image-description=\"\" data-image-caption=\"\" data-medium-file=\"https:\/\/i0.wp.com\/www.max-weber-berufskolleg.de\/web\/wp-content\/uploads\/2015\/08\/unnamed.jpeg?fit=169%2C300&amp;ssl=1\" data-large-file=\"https:\/\/i0.wp.com\/www.max-weber-berufskolleg.de\/web\/wp-content\/uploads\/2015\/08\/unnamed.jpeg?fit=361%2C640&amp;ssl=1\" class=\"aligncenter size-medium wp-image-1428\" src=\"https:\/\/i0.wp.com\/www.max-weber-berufskolleg.de\/web\/wp-content\/uploads\/2015\/08\/unnamed.jpeg?resize=169%2C300&#038;ssl=1\" alt=\"unnamed\" width=\"169\" height=\"300\" srcset=\"https:\/\/i0.wp.com\/www.max-weber-berufskolleg.de\/web\/wp-content\/uploads\/2015\/08\/unnamed.jpeg?resize=169%2C300&amp;ssl=1 169w, https:\/\/i0.wp.com\/www.max-weber-berufskolleg.de\/web\/wp-content\/uploads\/2015\/08\/unnamed.jpeg?w=361&amp;ssl=1 361w\" sizes=\"auto, (max-width: 169px) 100vw, 169px\" data-recalc-dims=\"1\" \/><\/a> <a href=\"https:\/\/i0.wp.com\/www.max-weber-berufskolleg.de\/web\/wp-content\/uploads\/2015\/08\/unnamed2.jpeg?ssl=1\"><img loading=\"lazy\" decoding=\"async\" data-attachment-id=\"1429\" data-permalink=\"https:\/\/www.max-weber-berufskolleg.de\/web\/praktikum-in-stockholm-ein-bericht\/unnamed2\/\" data-orig-file=\"https:\/\/i0.wp.com\/www.max-weber-berufskolleg.de\/web\/wp-content\/uploads\/2015\/08\/unnamed2.jpeg?fit=640%2C480&amp;ssl=1\" data-orig-size=\"640,480\" data-comments-opened=\"1\" data-image-meta=\"{&quot;aperture&quot;:&quot;0&quot;,&quot;credit&quot;:&quot;&quot;,&quot;camera&quot;:&quot;&quot;,&quot;caption&quot;:&quot;&quot;,&quot;created_timestamp&quot;:&quot;0&quot;,&quot;copyright&quot;:&quot;&quot;,&quot;focal_length&quot;:&quot;0&quot;,&quot;iso&quot;:&quot;0&quot;,&quot;shutter_speed&quot;:&quot;0&quot;,&quot;title&quot;:&quot;&quot;,&quot;orientation&quot;:&quot;0&quot;}\" data-image-title=\"unnamed2\" data-image-description=\"\" data-image-caption=\"\" data-medium-file=\"https:\/\/i0.wp.com\/www.max-weber-berufskolleg.de\/web\/wp-content\/uploads\/2015\/08\/unnamed2.jpeg?fit=300%2C225&amp;ssl=1\" data-large-file=\"https:\/\/i0.wp.com\/www.max-weber-berufskolleg.de\/web\/wp-content\/uploads\/2015\/08\/unnamed2.jpeg?fit=640%2C480&amp;ssl=1\" class=\"aligncenter size-medium wp-image-1429\" src=\"https:\/\/i0.wp.com\/www.max-weber-berufskolleg.de\/web\/wp-content\/uploads\/2015\/08\/unnamed2.jpeg?resize=300%2C225&#038;ssl=1\" alt=\"unnamed2\" width=\"300\" height=\"225\" srcset=\"https:\/\/i0.wp.com\/www.max-weber-berufskolleg.de\/web\/wp-content\/uploads\/2015\/08\/unnamed2.jpeg?resize=300%2C225&amp;ssl=1 300w, https:\/\/i0.wp.com\/www.max-weber-berufskolleg.de\/web\/wp-content\/uploads\/2015\/08\/unnamed2.jpeg?w=640&amp;ssl=1 640w\" sizes=\"auto, (max-width: 300px) 100vw, 300px\" data-recalc-dims=\"1\" \/><\/a> <a href=\"https:\/\/i0.wp.com\/www.max-weber-berufskolleg.de\/web\/wp-content\/uploads\/2015\/08\/unnamed3.jpeg?ssl=1\"><img loading=\"lazy\" decoding=\"async\" data-attachment-id=\"1430\" data-permalink=\"https:\/\/www.max-weber-berufskolleg.de\/web\/praktikum-in-stockholm-ein-bericht\/unnamed3\/\" data-orig-file=\"https:\/\/i0.wp.com\/www.max-weber-berufskolleg.de\/web\/wp-content\/uploads\/2015\/08\/unnamed3.jpeg?fit=640%2C427&amp;ssl=1\" data-orig-size=\"640,427\" data-comments-opened=\"1\" data-image-meta=\"{&quot;aperture&quot;:&quot;0&quot;,&quot;credit&quot;:&quot;&quot;,&quot;camera&quot;:&quot;&quot;,&quot;caption&quot;:&quot;&quot;,&quot;created_timestamp&quot;:&quot;0&quot;,&quot;copyright&quot;:&quot;&quot;,&quot;focal_length&quot;:&quot;0&quot;,&quot;iso&quot;:&quot;0&quot;,&quot;shutter_speed&quot;:&quot;0&quot;,&quot;title&quot;:&quot;&quot;,&quot;orientation&quot;:&quot;0&quot;}\" data-image-title=\"unnamed3\" data-image-description=\"\" data-image-caption=\"\" data-medium-file=\"https:\/\/i0.wp.com\/www.max-weber-berufskolleg.de\/web\/wp-content\/uploads\/2015\/08\/unnamed3.jpeg?fit=300%2C200&amp;ssl=1\" data-large-file=\"https:\/\/i0.wp.com\/www.max-weber-berufskolleg.de\/web\/wp-content\/uploads\/2015\/08\/unnamed3.jpeg?fit=640%2C427&amp;ssl=1\" class=\"aligncenter size-medium wp-image-1430\" src=\"https:\/\/i0.wp.com\/www.max-weber-berufskolleg.de\/web\/wp-content\/uploads\/2015\/08\/unnamed3.jpeg?resize=300%2C200&#038;ssl=1\" alt=\"unnamed3\" width=\"300\" height=\"200\" srcset=\"https:\/\/i0.wp.com\/www.max-weber-berufskolleg.de\/web\/wp-content\/uploads\/2015\/08\/unnamed3.jpeg?resize=300%2C200&amp;ssl=1 300w, https:\/\/i0.wp.com\/www.max-weber-berufskolleg.de\/web\/wp-content\/uploads\/2015\/08\/unnamed3.jpeg?w=640&amp;ssl=1 640w\" sizes=\"auto, (max-width: 300px) 100vw, 300px\" data-recalc-dims=\"1\" \/><\/a><\/p>\n<div class=\"twoclick_social_bookmarks_post_1426 social_share_privacy clearfix 1.6.4 locale-de_DE sprite-de_DE\"><\/div><div class=\"twoclick-js\"><script type=\"text\/javascript\">\/* <![CDATA[ *\/\njQuery(document).ready(function($){if($('.twoclick_social_bookmarks_post_1426')){$('.twoclick_social_bookmarks_post_1426').socialSharePrivacy({\"services\":{\"facebook\":{\"status\":\"on\",\"txt_info\":\"2 Klicks f\\u00fcr mehr Datenschutz: Erst wenn Sie hier klicken, wird der Button aktiv und Sie k\\u00f6nnen Ihre Empfehlung an Facebook senden. Schon beim Aktivieren werden Daten an Dritte \\u00fcbertragen - siehe <em>i<\\\/em>.\",\"perma_option\":\"off\",\"action\":\"recommend\",\"language\":\"de_DE\"},\"twitter\":{\"reply_to\":\"\",\"tweet_text\":\"%20Praktikum%20in%20Stockholm%20%E2%80%93%20ein%20Bericht%20%C2%BB%20MWBK%20D%C3%BCsseldorf%20...\",\"status\":\"on\",\"txt_info\":\"2 Klicks f\\u00fcr mehr Datenschutz: Erst wenn Sie hier klicken, wird der Button aktiv und Sie k\\u00f6nnen Ihre Empfehlung an Twitter senden. Schon beim Aktivieren werden Daten an Dritte \\u00fcbertragen - siehe <em>i<\\\/em>.\",\"perma_option\":\"off\",\"language\":\"de\",\"referrer_track\":\"\"}},\"txt_help\":\"Wenn Sie diese Felder durch einen Klick aktivieren, werden Informationen an Facebook, Twitter, Flattr, Xing, t3n, LinkedIn, Pinterest oder Google eventuell ins Ausland \\u00fcbertragen und unter Umst\\u00e4nden auch dort gespeichert. N\\u00e4heres erfahren Sie durch einen Klick auf das <em>i<\\\/em>.\",\"settings_perma\":\"Dauerhaft aktivieren und Daten\\u00fcber-tragung zustimmen:\",\"info_link\":\"http:\\\/\\\/www.heise.de\\\/ct\\\/artikel\\\/2-Klicks-fuer-mehr-Datenschutz-1333879.html\",\"uri\":\"https:\\\/\\\/www.max-weber-berufskolleg.de\\\/web\\\/praktikum-in-stockholm-ein-bericht\\\/\",\"post_id\":1426,\"post_title_referrer_track\":\"Praktikum+in+Stockholm+%26%238211%3B+ein+Bericht\",\"display_infobox\":\"on\"});}});\n\/* ]]> *\/<\/script><\/div>","protected":false},"excerpt":{"rendered":"<p>Hi, ich hei\u00dfe Maria, bin 22 Jahre alt und mache derzeit eine Ausbildung zur Fachangestellten f\u00fcr Markt- und Sozialforschung in D\u00fcsseldorf. Im Rahmen des Erasmus &#8211; Projektes \u201eCompetences for a European Future\u201c habe ich die M\u00f6glichkeit bekommen ins Ausland zu gehen, um dort in einem Betrieb reinzuschnuppern. Das Projekt f\u00f6rdert L\u00e4nder in der EU inkl. &#8230;<a class=\"post-readmore\" href=\"https:\/\/www.max-weber-berufskolleg.de\/web\/praktikum-in-stockholm-ein-bericht\/\">read more<\/a><\/p>\n","protected":false},"author":9,"featured_media":1429,"comment_status":"open","ping_status":"open","sticky":false,"template":"","format":"standard","meta":{"jetpack_post_was_ever_published":false,"footnotes":"","_expiration-date-status":"","_expiration-date":0,"_expiration-date-type":"","_expiration-date-categories":[],"_expiration-date-options":[]},"categories":[70,57,6,91],"tags":[108,140,98],"class_list":["post-1426","post","type-post","status-publish","format-standard","has-post-thumbnail","hentry","category-ausbildung","category-berufsschule","category-europa","category-praktikum","tag-auslandspraktikum","tag-comenius","tag-praktikum"],"jetpack_featured_media_url":"https:\/\/i0.wp.com\/www.max-weber-berufskolleg.de\/web\/wp-content\/uploads\/2015\/08\/unnamed2.jpeg?fit=640%2C480&ssl=1","jetpack-related-posts":[{"id":1339,"url":"https:\/\/www.max-weber-berufskolleg.de\/web\/auslandpraktikum-in-polen-ein-bericht\/","url_meta":{"origin":1426,"position":0},"title":"Auslandspraktikum in Polen &#8211; ein Bericht","date":"1. Juni 2015","format":false,"excerpt":"Kurz vor den Osterferien ging es f\u00fcr mich 3 Wochen lang nach Polen, genauer gesagt nach Posen. Dort habe ich als Teil des Erasmus+-Projektes \u201eCompetences for a European Future\u201c ein Auslandspraktikum absolviert. Ich bin im zweiten Jahr meiner Ausbildung zur Fachangestellten f\u00fcr Markt- und Sozialforschung, die ich in einem Marktforschungsinstitut\u2026","rel":"","context":"In &quot;Allgemein&quot;","img":{"alt_text":"","src":"https:\/\/i0.wp.com\/www.max-weber-berufskolleg.de\/web\/wp-content\/uploads\/2015\/06\/Altstadt.jpg?fit=800%2C529&ssl=1&resize=350%2C200","width":350,"height":200},"classes":[]},{"id":1826,"url":"https:\/\/www.max-weber-berufskolleg.de\/web\/auslandspraktikum-in-den-niederlanden\/","url_meta":{"origin":1426,"position":1},"title":"Auslandspraktikum in den Niederlanden","date":"16. April 2016","format":false,"excerpt":"Zum dritten Mal in Folge reisten eine Sch\u00fclerin und zwei Sch\u00fcler der H\u00f6heren Berufsfachschule des Max-Weber-Berufskollegs nach Arnheim, um dort ihr zweiw\u00f6chiges Auslandspraktikum zu absolvieren. Da das Unternehmen V&D, bei dem zwei Sch\u00fcler im letzten Jahr Praktikumserfahrungen sammelten, Insolvenz anmeldete, sind die Sch\u00fclerin und die zwei Sch\u00fcler in diesem Jahr\u2026","rel":"","context":"In &quot;Allgemein&quot;","img":{"alt_text":"IMG_8862","src":"https:\/\/i0.wp.com\/www.max-weber-berufskolleg.de\/web\/wp-content\/uploads\/2016\/04\/IMG_8862-1024x576.png?resize=350%2C200&ssl=1","width":350,"height":200},"classes":[]},{"id":1480,"url":"https:\/\/www.max-weber-berufskolleg.de\/web\/mwbk-goes-arnheim-roc-a12-goes-duesseldorf\/","url_meta":{"origin":1426,"position":2},"title":"MWBK goes Arnheim \u2013 ROC A12 goes D\u00fcsseldorf","date":"25. August 2015","format":false,"excerpt":"Das Max-Weber-Berufskolleg (MWBK) vertieft seine Schulpartnerschaft mit dem nieder-l\u00e4ndischen Partner ROC A12. Vom 16.03. bis 27.03.2015 absolvierten zwei Sch\u00fcler der H\u00f6heren Berufsfachschule des MWBKs ihr Auslandspraktikum bei dem niederl\u00e4ndischen Einzelh\u00e4ndler V&D in Arnheim. Gespannt und voller Erwartungen bereiteten sich die zwei Sch\u00fcler durch ein interkulturelles Seminar am Max-Weber Berufskolleg vor.\u2026","rel":"","context":"In &quot;Ausbildung&quot;","img":{"alt_text":"","src":"https:\/\/i0.wp.com\/www.max-weber-berufskolleg.de\/web\/wp-content\/uploads\/2015\/05\/IMG_0876-e1430661524170.jpg?fit=600%2C424&ssl=1&resize=350%2C200","width":350,"height":200},"classes":[]},{"id":1249,"url":"https:\/\/www.max-weber-berufskolleg.de\/web\/auslandspraktikanten-bloggen\/","url_meta":{"origin":1426,"position":3},"title":"Auslandspraktikanten bloggen","date":"12. April 2015","format":false,"excerpt":"Um die Osterferien herum sind wieder einige Sch\u00fclerinnen und Sch\u00fcler der H\u00f6heren Handelsschule, aber auch Auszubildende zu einem Praktikum ins europ\u00e4ische Ausland aufgebrochen. Als Teil des Eramus+-Projektes Competences for a European Future\u00a0lassen sie uns auch im Rahmen eines Weblogs\u00a0an ihren Erfahrungen vor, w\u00e4hrend und nach dem Praktikum teilhaben. Ein Besuch\u2026","rel":"","context":"In &quot;Ausbildung&quot;","img":{"alt_text":"","src":"https:\/\/i0.wp.com\/www.max-weber-berufskolleg.de\/web\/wp-content\/uploads\/2015\/04\/bild_auslandspraktikanten-bloggen-e1428857448762.jpg?fit=600%2C450&ssl=1&resize=350%2C200","width":350,"height":200},"classes":[]},{"id":1868,"url":"https:\/\/www.max-weber-berufskolleg.de\/web\/girls-day\/","url_meta":{"origin":1426,"position":4},"title":"Girls Day","date":"23. Mai 2016","format":false,"excerpt":"Am 28. April 2016 ging es f\u00fcr uns zw\u00f6lf M\u00e4dels aus der H252 und der H253 auf gro\u00dfe Erkundungstour. Im Rahmen des Fachs Zukunftscoaching waren wir beim IBM Girls Day eingeladen. Nach einer herzlichen Begr\u00fc\u00dfung von Frau Hankel und einem kleinen Willkommensgeschenk, starteten wir mit ein paar Informationen zum Unternehmen\u2026","rel":"","context":"In &quot;Ausbildung&quot;","img":{"alt_text":"","src":"https:\/\/i0.wp.com\/www.max-weber-berufskolleg.de\/web\/wp-content\/uploads\/2016\/05\/girlsday.png?fit=610%2C380&ssl=1&resize=350%2C200","width":350,"height":200},"classes":[]},{"id":4142,"url":"https:\/\/www.max-weber-berufskolleg.de\/web\/fachoberschulreife-was-nun2\/","url_meta":{"origin":1426,"position":5},"title":"Fachoberschulreife &#8211; Was nun? Kommen Sie jetzt zu uns und erwerben Sie das Fachabi","date":"1. Februar 2019","format":false,"excerpt":"F\u00fcr den Erwerb der Fachhochschulreife - Fachabi gibt es bei uns am MWBK zwei Wege: Sie entscheiden sich f\u00fcr die H\u00f6here Handelsschule\u00a0und besuchen zwei Jahre an f\u00fcnf Tagen in der Woche den Unterricht. Nach vier erfolgreich bestandenen Abschlusspr\u00fcfungen erhalten Sie den schulischen Teil der Fachhochschulreife best\u00e4tigt, mit weiteren 24 Wochen\u2026","rel":"","context":"In &quot;Anmeldung&quot;","img":{"alt_text":"","src":"","width":0,"height":0},"classes":[]}],"jetpack_sharing_enabled":true,"_links":{"self":[{"href":"https:\/\/www.max-weber-berufskolleg.de\/web\/wp-json\/wp\/v2\/posts\/1426","targetHints":{"allow":["GET"]}}],"collection":[{"href":"https:\/\/www.max-weber-berufskolleg.de\/web\/wp-json\/wp\/v2\/posts"}],"about":[{"href":"https:\/\/www.max-weber-berufskolleg.de\/web\/wp-json\/wp\/v2\/types\/post"}],"author":[{"embeddable":true,"href":"https:\/\/www.max-weber-berufskolleg.de\/web\/wp-json\/wp\/v2\/users\/9"}],"replies":[{"embeddable":true,"href":"https:\/\/www.max-weber-berufskolleg.de\/web\/wp-json\/wp\/v2\/comments?post=1426"}],"version-history":[{"count":1,"href":"https:\/\/www.max-weber-berufskolleg.de\/web\/wp-json\/wp\/v2\/posts\/1426\/revisions"}],"predecessor-version":[{"id":1431,"href":"https:\/\/www.max-weber-berufskolleg.de\/web\/wp-json\/wp\/v2\/posts\/1426\/revisions\/1431"}],"wp:featuredmedia":[{"embeddable":true,"href":"https:\/\/www.max-weber-berufskolleg.de\/web\/wp-json\/wp\/v2\/media\/1429"}],"wp:attachment":[{"href":"https:\/\/www.max-weber-berufskolleg.de\/web\/wp-json\/wp\/v2\/media?parent=1426"}],"wp:term":[{"taxonomy":"category","embeddable":true,"href":"https:\/\/www.max-weber-berufskolleg.de\/web\/wp-json\/wp\/v2\/categories?post=1426"},{"taxonomy":"post_tag","embeddable":true,"href":"https:\/\/www.max-weber-berufskolleg.de\/web\/wp-json\/wp\/v2\/tags?post=1426"}],"curies":[{"name":"wp","href":"https:\/\/api.w.org\/{rel}","templated":true}]}}