{"id":1868,"date":"2016-05-23T10:46:50","date_gmt":"2016-05-23T08:46:50","guid":{"rendered":"http:\/\/www.max-weber-berufskolleg.de\/web\/?p=1868"},"modified":"2016-05-23T10:46:50","modified_gmt":"2016-05-23T08:46:50","slug":"girls-day","status":"publish","type":"post","link":"https:\/\/www.max-weber-berufskolleg.de\/web\/girls-day\/","title":{"rendered":"Girls Day"},"content":{"rendered":"<p style=\"text-align: justify;\">Am 28. April 2016 ging es f\u00fcr uns zw\u00f6lf M\u00e4dels aus der H252 und der H253 auf gro\u00dfe Erkundungstour. Im Rahmen des Fachs Zukunftscoaching waren wir beim IBM Girls Day eingeladen. Nach einer herzlichen Begr\u00fc\u00dfung von Frau Hankel und einem kleinen Willkommensgeschenk, starteten wir mit ein paar Informationen zum Unternehmen IBM. IBM ist ein weltweit f\u00fchrendes Unternehmen f\u00fcr Hardware und Software mit 30 Standorten weltweit. Insbesondere das Motto von IBM \u201eNone of us is as strong as all of us\u201c hat uns angesprochen und wir bekamen einen vielf\u00e4ltigen Einblick, welche M\u00f6glichkeiten Frauen im technischen aber auch kaufm\u00e4nnischen Bereich bei IBM haben.<\/p>\n<p style=\"text-align: justify;\">Im Anschluss wurden drei verschiedene Workshops rund um das Thema Ausbildung und Bewerbung angeboten:<\/p>\n<ol style=\"text-align: justify;\">\n<li>Wie pr\u00e4sentiere ich \u00fcberzeugend?<\/li>\n<li>Wie bewerbe ich mich richtig?<\/li>\n<li>Wie pr\u00e4sentiere ich mich in sozialen Netzwerken?<\/li>\n<\/ol>\n<p style=\"text-align: justify;\">F\u00fcr die Workshops teilten wir uns in verschiedene Gruppen auf. Diejenigen von uns, die im Workshop 3 waren, mussten schon ein wenig schlucken, als sie h\u00f6rten, was die Arbeitgeber heutzutage alles \u00fcber uns im Netz erfahren k\u00f6nnen. Man sollte also lieber zweimal \u00fcberlegen, bevor man wilde Partyfotos von sich postet.<\/p>\n<p style=\"text-align: justify;\">Zwischendurch hatten wir die M\u00f6glichkeit uns bei einem k\u00f6stlichen Buffet zu st\u00e4rken, bevor wir abschlie\u00dfend eine Gespr\u00e4chsrunde mit einem Studenten von IBM hatten. Er hat uns erkl\u00e4rt, wie ein duales Studium abl\u00e4uft, welche Voraussetzungen man mitbringen muss etc.<\/p>\n<p>Insgesamt war es ein gelungener und abwechslungsreicher Tag f\u00fcr uns. Mal sehen, ob wir uns bewerben.<\/p>\n<p><em>Lamyae Bonouh, Hanan Ouachaibi, Kuldip Singh, Arbesa Limanoksa, Lara Schmidt, Alina Beckers, Vanessa Meyer, Leonie Kulisch, Stefanie Zander, \u00d6znur Kakir, Birg\u00fcl Sari, Hermon Wademical<\/em><\/p>\n<p style=\"text-align: justify;\"><a href=\"https:\/\/i0.wp.com\/www.max-weber-berufskolleg.de\/web\/wp-content\/uploads\/2016\/05\/girlsday.png?ssl=1\"><img loading=\"lazy\" decoding=\"async\" data-attachment-id=\"1869\" data-permalink=\"https:\/\/www.max-weber-berufskolleg.de\/web\/girls-day\/girlsday\/\" data-orig-file=\"https:\/\/i0.wp.com\/www.max-weber-berufskolleg.de\/web\/wp-content\/uploads\/2016\/05\/girlsday.png?fit=610%2C380&amp;ssl=1\" data-orig-size=\"610,380\" data-comments-opened=\"1\" data-image-meta=\"{&quot;aperture&quot;:&quot;0&quot;,&quot;credit&quot;:&quot;&quot;,&quot;camera&quot;:&quot;&quot;,&quot;caption&quot;:&quot;&quot;,&quot;created_timestamp&quot;:&quot;0&quot;,&quot;copyright&quot;:&quot;&quot;,&quot;focal_length&quot;:&quot;0&quot;,&quot;iso&quot;:&quot;0&quot;,&quot;shutter_speed&quot;:&quot;0&quot;,&quot;title&quot;:&quot;&quot;,&quot;orientation&quot;:&quot;0&quot;}\" data-image-title=\"girlsday\" data-image-description=\"\" data-image-caption=\"\" data-medium-file=\"https:\/\/i0.wp.com\/www.max-weber-berufskolleg.de\/web\/wp-content\/uploads\/2016\/05\/girlsday.png?fit=300%2C187&amp;ssl=1\" data-large-file=\"https:\/\/i0.wp.com\/www.max-weber-berufskolleg.de\/web\/wp-content\/uploads\/2016\/05\/girlsday.png?fit=610%2C380&amp;ssl=1\" class=\"aligncenter size-medium wp-image-1869\" src=\"https:\/\/i0.wp.com\/www.max-weber-berufskolleg.de\/web\/wp-content\/uploads\/2016\/05\/girlsday.png?resize=300%2C187&#038;ssl=1\" alt=\"girlsday\" width=\"300\" height=\"187\" srcset=\"https:\/\/i0.wp.com\/www.max-weber-berufskolleg.de\/web\/wp-content\/uploads\/2016\/05\/girlsday.png?resize=300%2C187&amp;ssl=1 300w, https:\/\/i0.wp.com\/www.max-weber-berufskolleg.de\/web\/wp-content\/uploads\/2016\/05\/girlsday.png?w=610&amp;ssl=1 610w\" sizes=\"auto, (max-width: 300px) 100vw, 300px\" data-recalc-dims=\"1\" \/><\/a><\/p>\n<div class=\"twoclick_social_bookmarks_post_1868 social_share_privacy clearfix 1.6.4 locale-de_DE sprite-de_DE\"><\/div><div class=\"twoclick-js\"><script type=\"text\/javascript\">\/* <![CDATA[ *\/\njQuery(document).ready(function($){if($('.twoclick_social_bookmarks_post_1868')){$('.twoclick_social_bookmarks_post_1868').socialSharePrivacy({\"services\":{\"facebook\":{\"status\":\"on\",\"txt_info\":\"2 Klicks f\\u00fcr mehr Datenschutz: Erst wenn Sie hier klicken, wird der Button aktiv und Sie k\\u00f6nnen Ihre Empfehlung an Facebook senden. Schon beim Aktivieren werden Daten an Dritte \\u00fcbertragen - siehe <em>i<\\\/em>.\",\"perma_option\":\"off\",\"action\":\"recommend\",\"language\":\"de_DE\"},\"twitter\":{\"reply_to\":\"\",\"tweet_text\":\"Girls%20Day%20%C2%BB%20MWBK%20D%C3%BCsseldorf%20%23Girls%20Day\",\"status\":\"on\",\"txt_info\":\"2 Klicks f\\u00fcr mehr Datenschutz: Erst wenn Sie hier klicken, wird der Button aktiv und Sie k\\u00f6nnen Ihre Empfehlung an Twitter senden. Schon beim Aktivieren werden Daten an Dritte \\u00fcbertragen - siehe <em>i<\\\/em>.\",\"perma_option\":\"off\",\"language\":\"de\",\"referrer_track\":\"\"}},\"txt_help\":\"Wenn Sie diese Felder durch einen Klick aktivieren, werden Informationen an Facebook, Twitter, Flattr, Xing, t3n, LinkedIn, Pinterest oder Google eventuell ins Ausland \\u00fcbertragen und unter Umst\\u00e4nden auch dort gespeichert. N\\u00e4heres erfahren Sie durch einen Klick auf das <em>i<\\\/em>.\",\"settings_perma\":\"Dauerhaft aktivieren und Daten\\u00fcber-tragung zustimmen:\",\"info_link\":\"http:\\\/\\\/www.heise.de\\\/ct\\\/artikel\\\/2-Klicks-fuer-mehr-Datenschutz-1333879.html\",\"uri\":\"https:\\\/\\\/www.max-weber-berufskolleg.de\\\/web\\\/girls-day\\\/\",\"post_id\":1868,\"post_title_referrer_track\":\"Girls+Day\",\"display_infobox\":\"on\"});}});\n\/* ]]> *\/<\/script><\/div>","protected":false},"excerpt":{"rendered":"<p>Am 28. April 2016 ging es f\u00fcr uns zw\u00f6lf M\u00e4dels aus der H252 und der H253 auf gro\u00dfe Erkundungstour. Im Rahmen des Fachs Zukunftscoaching waren wir beim IBM Girls Day eingeladen. Nach einer herzlichen Begr\u00fc\u00dfung von Frau Hankel und einem kleinen Willkommensgeschenk, starteten wir mit ein paar Informationen zum Unternehmen IBM. IBM ist ein weltweit &#8230;<a class=\"post-readmore\" href=\"https:\/\/www.max-weber-berufskolleg.de\/web\/girls-day\/\">read more<\/a><\/p>\n","protected":false},"author":9,"featured_media":1869,"comment_status":"open","ping_status":"open","sticky":false,"template":"","format":"standard","meta":{"jetpack_post_was_ever_published":false,"footnotes":"","_expiration-date-status":"saved","_expiration-date":0,"_expiration-date-type":"","_expiration-date-categories":[],"_expiration-date-options":[]},"categories":[70,12,3],"tags":[183],"class_list":["post-1868","post","type-post","status-publish","format-standard","has-post-thumbnail","hentry","category-ausbildung","category-hoehere-handelsschule","category-veranstaltungen","tag-girls-day"],"jetpack_featured_media_url":"https:\/\/i0.wp.com\/www.max-weber-berufskolleg.de\/web\/wp-content\/uploads\/2016\/05\/girlsday.png?fit=610%2C380&ssl=1","jetpack-related-posts":[{"id":6139,"url":"https:\/\/www.max-weber-berufskolleg.de\/web\/heute-virtueller-neujahrsempfang\/","url_meta":{"origin":1868,"position":0},"title":"Virtueller Neujahrsempfang 2021","date":"3. Februar 2021","format":false,"excerpt":"Wir laden Sie, Ihre Ausbildungsbeauftragten und alle, die sich f\u00fcr eine qualifizierte Ausbildung interessieren, herzlich ein. Sie k\u00f6nnen an diesem Termin unsere Abteilungsleiter, Projektbeauftragten und die Schulleitung treffen. Gerne w\u00fcrden wir Ihnen zeigen, wie sich das Max-Weber-Berufskolleg im vergangenen Jahr weiterentwickelt hat, die neue Lernplattform ItsLearning vorstellen, das Abenteuer \u201eDistanzlernen\u201c\u2026","rel":"","context":"In &quot;Allgemein&quot;","img":{"alt_text":"","src":"https:\/\/i0.wp.com\/www.max-weber-berufskolleg.de\/web\/wp-content\/uploads\/2021\/02\/Neujahr2021.jpg?fit=290%2C496&ssl=1&resize=350%2C200","width":350,"height":200},"classes":[]},{"id":6167,"url":"https:\/\/www.max-weber-berufskolleg.de\/web\/unser-neujahrsempfang-diesmal-trafen-sich-ausbilder-und-schule-digital\/","url_meta":{"origin":1868,"position":1},"title":"Unser Neujahrsempfang: Diesmal trafen sich Ausbilder und Schule digital!","date":"7. Februar 2021","format":false,"excerpt":"Am 03.02.2021 fand zwischen 13:00 und 14:00 Uhr der traditionelle Neujahrsempfang des Max-Weber-Berufskollegs statt \u2013 den Umst\u00e4nden geschuldet als virtuelle Veranstaltung, kurz und knackig. In Bild und Ton konnten wir so aber trotzdem einen Einblick in die Weiterentwicklung des Max-Weber-Berufskollegs werfen. Im Bildungsgang Patentfachangestellte unterrichten wir seit mehr als 10\u2026","rel":"","context":"In &quot;Allgemein&quot;","img":{"alt_text":"","src":"","width":0,"height":0},"classes":[]},{"id":1339,"url":"https:\/\/www.max-weber-berufskolleg.de\/web\/auslandpraktikum-in-polen-ein-bericht\/","url_meta":{"origin":1868,"position":2},"title":"Auslandspraktikum in Polen &#8211; ein Bericht","date":"1. Juni 2015","format":false,"excerpt":"Kurz vor den Osterferien ging es f\u00fcr mich 3 Wochen lang nach Polen, genauer gesagt nach Posen. Dort habe ich als Teil des Erasmus+-Projektes \u201eCompetences for a European Future\u201c ein Auslandspraktikum absolviert. Ich bin im zweiten Jahr meiner Ausbildung zur Fachangestellten f\u00fcr Markt- und Sozialforschung, die ich in einem Marktforschungsinstitut\u2026","rel":"","context":"In &quot;Allgemein&quot;","img":{"alt_text":"","src":"https:\/\/i0.wp.com\/www.max-weber-berufskolleg.de\/web\/wp-content\/uploads\/2015\/06\/Altstadt.jpg?fit=800%2C529&ssl=1&resize=350%2C200","width":350,"height":200},"classes":[]},{"id":2431,"url":"https:\/\/www.max-weber-berufskolleg.de\/web\/max-weber-berufskolleg-startet-kooperation-mit-omec-motors-in-arnheim\/","url_meta":{"origin":1868,"position":3},"title":"Max-Weber-Berufskolleg startet Kooperation mit OMEC Motors in Arnheim","date":"25. April 2017","format":false,"excerpt":"Dank des Kontaktes durch Peter Cijnssen (Astrum College, Velp) k\u00f6nnen Auszubildende des Max-Weber-Berufskollegs von nun an ein Auslandspraktikum in dem niederl\u00e4ndischen Unternehmen OMEC Motors in Arnheim durchf\u00fchren. Nach einem ausf\u00fchrlichen und konstruktiven Austausch schlossen Herr Galletto \u2013 Lehrer am Max-Weber-Berufskolleg \u2013 und der kaufm\u00e4nnische Leiter des Unternehmens OMEC Motors Arnoud\u2026","rel":"","context":"In &quot;Allgemein&quot;","img":{"alt_text":"","src":"https:\/\/i0.wp.com\/www.max-weber-berufskolleg.de\/web\/wp-content\/uploads\/2017\/04\/IMG_0082.jpg?fit=1200%2C893&ssl=1&resize=350%2C200","width":350,"height":200},"classes":[]},{"id":4827,"url":"https:\/\/www.max-weber-berufskolleg.de\/web\/religionen-gehoeren-ueberallhin2019\/","url_meta":{"origin":1868,"position":4},"title":"\u201eReligionen geh\u00f6ren \u00fcberallhin \u2013 da gibt es keine Landesgrenzen\u201c (H281) Projekttag zum aktuellen Antisemitismus in Deutschland","date":"15. November 2019","format":false,"excerpt":"Am Montag, den 11.11.2019 haben wir einen Klassenausflug mit Frau Wiesmann in die Landeszentrale f\u00fcr politische Bildung NRW gemacht. Da wurde ein Projekttag zum Thema \u201eAntisemitismus in Deutschland\u201c angeboten, an dem wir teilgenommen haben. Das Programm ging von 10-16 Uhr. Nachdem wir ankamen und Besucherk\u00e4rtchen bekamen, haben wir uns zun\u00e4chst\u2026","rel":"","context":"In &quot;Allgemein&quot;","img":{"alt_text":"","src":"https:\/\/i0.wp.com\/www.max-weber-berufskolleg.de\/web\/wp-content\/uploads\/2019\/11\/landeszentrale2019.jpg?fit=547%2C550&ssl=1&resize=350%2C200","width":350,"height":200},"classes":[]},{"id":3978,"url":"https:\/\/www.max-weber-berufskolleg.de\/web\/im-dialog-landesbestenehrung-2018\/","url_meta":{"origin":1868,"position":5},"title":"Im Dialog:  Landesbestenehrung im November 2018 in K\u00f6ln","date":"9. Dezember 2018","format":false,"excerpt":"Das Max-Weber Berufskolleg freut sich auch in dieser Runde bei der Ehrung der Landesbesten am 22. November 2018 im Dialog zu sein. In mehr als 150 Ausbildungsberufen wurden am Mittwoch, den 23.11.2018 in der Mitsubishi Electric Halle in K\u00f6ln die besten Absolventen des Landes Nordrhein Westfalen geehrt. Die Absolventinnen und\u2026","rel":"","context":"In &quot;Allgemein&quot;","img":{"alt_text":"","src":"","width":0,"height":0},"classes":[]}],"jetpack_sharing_enabled":true,"_links":{"self":[{"href":"https:\/\/www.max-weber-berufskolleg.de\/web\/wp-json\/wp\/v2\/posts\/1868","targetHints":{"allow":["GET"]}}],"collection":[{"href":"https:\/\/www.max-weber-berufskolleg.de\/web\/wp-json\/wp\/v2\/posts"}],"about":[{"href":"https:\/\/www.max-weber-berufskolleg.de\/web\/wp-json\/wp\/v2\/types\/post"}],"author":[{"embeddable":true,"href":"https:\/\/www.max-weber-berufskolleg.de\/web\/wp-json\/wp\/v2\/users\/9"}],"replies":[{"embeddable":true,"href":"https:\/\/www.max-weber-berufskolleg.de\/web\/wp-json\/wp\/v2\/comments?post=1868"}],"version-history":[{"count":1,"href":"https:\/\/www.max-weber-berufskolleg.de\/web\/wp-json\/wp\/v2\/posts\/1868\/revisions"}],"predecessor-version":[{"id":1870,"href":"https:\/\/www.max-weber-berufskolleg.de\/web\/wp-json\/wp\/v2\/posts\/1868\/revisions\/1870"}],"wp:featuredmedia":[{"embeddable":true,"href":"https:\/\/www.max-weber-berufskolleg.de\/web\/wp-json\/wp\/v2\/media\/1869"}],"wp:attachment":[{"href":"https:\/\/www.max-weber-berufskolleg.de\/web\/wp-json\/wp\/v2\/media?parent=1868"}],"wp:term":[{"taxonomy":"category","embeddable":true,"href":"https:\/\/www.max-weber-berufskolleg.de\/web\/wp-json\/wp\/v2\/categories?post=1868"},{"taxonomy":"post_tag","embeddable":true,"href":"https:\/\/www.max-weber-berufskolleg.de\/web\/wp-json\/wp\/v2\/tags?post=1868"}],"curies":[{"name":"wp","href":"https:\/\/api.w.org\/{rel}","templated":true}]}}