{"id":2061,"date":"2016-11-28T13:11:04","date_gmt":"2016-11-28T12:11:04","guid":{"rendered":"http:\/\/www.max-weber-berufskolleg.de\/web\/?p=2061"},"modified":"2016-11-28T13:11:04","modified_gmt":"2016-11-28T12:11:04","slug":"europaeischer-markt-am-max-weber-berufskolleg-am-24-11-2016","status":"publish","type":"post","link":"https:\/\/www.max-weber-berufskolleg.de\/web\/europaeischer-markt-am-max-weber-berufskolleg-am-24-11-2016\/","title":{"rendered":"Europ\u00e4ischer Markt am Max-Weber-Berufskolleg am 24.11.2016"},"content":{"rendered":"<p style=\"text-align: justify;\">Bereits zum dritten Mal konnte das Max-Weber-Berufskolleg den Kurs <em>Business for one day<\/em> unserer Partnerschule <a href=\"https:\/\/a12.nl\/velp-astrum-college\">Astrum College<\/a> in Velp\u00a0 im Rahmen eines europ\u00e4ischen Marktes begr\u00fc\u00dfen.<\/p>\n<p style=\"text-align: justify;\">Die 39 Sch\u00fclerinnen und Sch\u00fcler des Kurses waren zusammen mit vier Lehrern insgesamt f\u00fcr zwei Tage in D\u00fcsseldorf und Umgebung unterwegs, um sich zum einen einige hiesige Unternehmen anzuschauen. Zum anderen aber auch, um die in dem Kurs geplanten Verkaufsst\u00e4nde im p\u00e4dagogischen Zentrum des MWBK aufzubauen und die Produkte dort f\u00fcr einen gemeinn\u00fctzigen Zweck anzubieten. Am 24.11. boten die Sch\u00fclerinnen und Sch\u00fcler des Astrum College u.a. Parfum, Handy-H\u00fcllen und Obst mit frischem Schokoladen\u00fcberzug an. In den Pausen war die Schlange an dem Stand, an dem man seine digitalen fu\u00dfballerischen F\u00e4higkeiten beweisen konnte, am l\u00e4ngsten.<\/p>\n<p style=\"text-align: justify;\">Das als Sch\u00fcleraustausch konzipierte Konzept soll im n\u00e4chsten Jahr fortgesetzt werden. Hier wird dann auch der Kurs <em>Bunte Welt<\/em> des Max-Weber-Berufskollegs zu einem europ\u00e4ischen Markt nach Velp aufbrechen. Die Kooperation zwischen dem Astrum College und dem Max-Weber-Berufskolleg besteht schon seit einigen Jahren. Im September war das Kollegium aus D\u00fcsseldorf zu einem p\u00e4dagogischen Tag in Velp eingeladen.<\/p>\n<p style=\"text-align: justify;\"><a href=\"https:\/\/i0.wp.com\/www.max-weber-berufskolleg.de\/web\/wp-content\/uploads\/2016\/11\/P1070738.jpg?ssl=1\"><img loading=\"lazy\" decoding=\"async\" data-attachment-id=\"2062\" data-permalink=\"https:\/\/www.max-weber-berufskolleg.de\/web\/europaeischer-markt-am-max-weber-berufskolleg-am-24-11-2016\/p1070738\/\" data-orig-file=\"https:\/\/i0.wp.com\/www.max-weber-berufskolleg.de\/web\/wp-content\/uploads\/2016\/11\/P1070738-e1480335038172.jpg?fit=600%2C450&amp;ssl=1\" data-orig-size=\"600,450\" data-comments-opened=\"1\" data-image-meta=\"{&quot;aperture&quot;:&quot;2.8&quot;,&quot;credit&quot;:&quot;&quot;,&quot;camera&quot;:&quot;DMC-FZ150&quot;,&quot;caption&quot;:&quot;&quot;,&quot;created_timestamp&quot;:&quot;1480015680&quot;,&quot;copyright&quot;:&quot;&quot;,&quot;focal_length&quot;:&quot;4.5&quot;,&quot;iso&quot;:&quot;400&quot;,&quot;shutter_speed&quot;:&quot;0.1&quot;,&quot;title&quot;:&quot;&quot;,&quot;orientation&quot;:&quot;1&quot;}\" data-image-title=\"p1070738\" data-image-description=\"\" data-image-caption=\"\" data-medium-file=\"https:\/\/i0.wp.com\/www.max-weber-berufskolleg.de\/web\/wp-content\/uploads\/2016\/11\/P1070738-e1480335038172.jpg?fit=300%2C225&amp;ssl=1\" data-large-file=\"https:\/\/i0.wp.com\/www.max-weber-berufskolleg.de\/web\/wp-content\/uploads\/2016\/11\/P1070738-e1480335038172.jpg?fit=1024%2C768&amp;ssl=1\" class=\"aligncenter size-large wp-image-2062\" src=\"https:\/\/i0.wp.com\/www.max-weber-berufskolleg.de\/web\/wp-content\/uploads\/2016\/11\/P1070738.jpg?resize=1024%2C768&#038;ssl=1\" alt=\"p1070738\" width=\"1024\" height=\"768\" data-recalc-dims=\"1\" \/><\/a> <a href=\"https:\/\/i0.wp.com\/www.max-weber-berufskolleg.de\/web\/wp-content\/uploads\/2016\/11\/P1070743.jpg?ssl=1\"><img loading=\"lazy\" decoding=\"async\" data-attachment-id=\"2063\" data-permalink=\"https:\/\/www.max-weber-berufskolleg.de\/web\/europaeischer-markt-am-max-weber-berufskolleg-am-24-11-2016\/p1070743\/\" data-orig-file=\"https:\/\/i0.wp.com\/www.max-weber-berufskolleg.de\/web\/wp-content\/uploads\/2016\/11\/P1070743.jpg?fit=4000%2C3000&amp;ssl=1\" data-orig-size=\"4000,3000\" data-comments-opened=\"1\" data-image-meta=\"{&quot;aperture&quot;:&quot;2.8&quot;,&quot;credit&quot;:&quot;&quot;,&quot;camera&quot;:&quot;DMC-FZ150&quot;,&quot;caption&quot;:&quot;&quot;,&quot;created_timestamp&quot;:&quot;1480015733&quot;,&quot;copyright&quot;:&quot;&quot;,&quot;focal_length&quot;:&quot;4.5&quot;,&quot;iso&quot;:&quot;800&quot;,&quot;shutter_speed&quot;:&quot;0.025&quot;,&quot;title&quot;:&quot;&quot;,&quot;orientation&quot;:&quot;1&quot;}\" data-image-title=\"p1070743\" data-image-description=\"\" data-image-caption=\"\" data-medium-file=\"https:\/\/i0.wp.com\/www.max-weber-berufskolleg.de\/web\/wp-content\/uploads\/2016\/11\/P1070743.jpg?fit=300%2C225&amp;ssl=1\" data-large-file=\"https:\/\/i0.wp.com\/www.max-weber-berufskolleg.de\/web\/wp-content\/uploads\/2016\/11\/P1070743.jpg?fit=1024%2C768&amp;ssl=1\" class=\"aligncenter size-large wp-image-2063\" src=\"https:\/\/i0.wp.com\/www.max-weber-berufskolleg.de\/web\/wp-content\/uploads\/2016\/11\/P1070743.jpg?resize=1024%2C768&#038;ssl=1\" alt=\"p1070743\" width=\"1024\" height=\"768\" srcset=\"https:\/\/i0.wp.com\/www.max-weber-berufskolleg.de\/web\/wp-content\/uploads\/2016\/11\/P1070743.jpg?resize=1024%2C768&amp;ssl=1 1024w, https:\/\/i0.wp.com\/www.max-weber-berufskolleg.de\/web\/wp-content\/uploads\/2016\/11\/P1070743.jpg?resize=300%2C225&amp;ssl=1 300w, https:\/\/i0.wp.com\/www.max-weber-berufskolleg.de\/web\/wp-content\/uploads\/2016\/11\/P1070743.jpg?resize=768%2C576&amp;ssl=1 768w, https:\/\/i0.wp.com\/www.max-weber-berufskolleg.de\/web\/wp-content\/uploads\/2016\/11\/P1070743.jpg?w=2000&amp;ssl=1 2000w, https:\/\/i0.wp.com\/www.max-weber-berufskolleg.de\/web\/wp-content\/uploads\/2016\/11\/P1070743.jpg?w=3000&amp;ssl=1 3000w\" sizes=\"auto, (max-width: 1000px) 100vw, 1000px\" data-recalc-dims=\"1\" \/><\/a><\/p>\n<div class=\"twoclick_social_bookmarks_post_2061 social_share_privacy clearfix 1.6.4 locale-de_DE sprite-de_DE\"><\/div><div class=\"twoclick-js\"><script type=\"text\/javascript\">\/* <![CDATA[ *\/\njQuery(document).ready(function($){if($('.twoclick_social_bookmarks_post_2061')){$('.twoclick_social_bookmarks_post_2061').socialSharePrivacy({\"services\":{\"facebook\":{\"status\":\"on\",\"txt_info\":\"2 Klicks f\\u00fcr mehr Datenschutz: Erst wenn Sie hier klicken, wird der Button aktiv und Sie k\\u00f6nnen Ihre Empfehlung an Facebook senden. Schon beim Aktivieren werden Daten an Dritte \\u00fcbertragen - siehe <em>i<\\\/em>.\",\"perma_option\":\"off\",\"action\":\"recommend\",\"language\":\"de_DE\"},\"twitter\":{\"reply_to\":\"\",\"tweet_text\":\"%20Europ%C3%A4ischer%20Markt%20am%20Max-Weber-Berufskolleg%20am%2024.11.2016%20%C2%BB%20MWBK%20D%C3%BCsseldorf%20...\",\"status\":\"on\",\"txt_info\":\"2 Klicks f\\u00fcr mehr Datenschutz: Erst wenn Sie hier klicken, wird der Button aktiv und Sie k\\u00f6nnen Ihre Empfehlung an Twitter senden. Schon beim Aktivieren werden Daten an Dritte \\u00fcbertragen - siehe <em>i<\\\/em>.\",\"perma_option\":\"off\",\"language\":\"de\",\"referrer_track\":\"\"}},\"txt_help\":\"Wenn Sie diese Felder durch einen Klick aktivieren, werden Informationen an Facebook, Twitter, Flattr, Xing, t3n, LinkedIn, Pinterest oder Google eventuell ins Ausland \\u00fcbertragen und unter Umst\\u00e4nden auch dort gespeichert. N\\u00e4heres erfahren Sie durch einen Klick auf das <em>i<\\\/em>.\",\"settings_perma\":\"Dauerhaft aktivieren und Daten\\u00fcber-tragung zustimmen:\",\"info_link\":\"http:\\\/\\\/www.heise.de\\\/ct\\\/artikel\\\/2-Klicks-fuer-mehr-Datenschutz-1333879.html\",\"uri\":\"https:\\\/\\\/www.max-weber-berufskolleg.de\\\/web\\\/europaeischer-markt-am-max-weber-berufskolleg-am-24-11-2016\\\/\",\"post_id\":2061,\"post_title_referrer_track\":\"Europ%C3%A4ischer+Markt+am+Max-Weber-Berufskolleg+am+24.11.2016\",\"display_infobox\":\"on\"});}});\n\/* ]]> *\/<\/script><\/div>","protected":false},"excerpt":{"rendered":"<p>Bereits zum dritten Mal konnte das Max-Weber-Berufskolleg den Kurs Business for one day unserer Partnerschule Astrum College in Velp\u00a0 im Rahmen eines europ\u00e4ischen Marktes begr\u00fc\u00dfen. Die 39 Sch\u00fclerinnen und Sch\u00fcler des Kurses waren zusammen mit vier Lehrern insgesamt f\u00fcr zwei Tage in D\u00fcsseldorf und Umgebung unterwegs, um sich zum einen einige hiesige Unternehmen anzuschauen. Zum &#8230;<a class=\"post-readmore\" href=\"https:\/\/www.max-weber-berufskolleg.de\/web\/europaeischer-markt-am-max-weber-berufskolleg-am-24-11-2016\/\">read more<\/a><\/p>\n","protected":false},"author":9,"featured_media":2062,"comment_status":"open","ping_status":"open","sticky":false,"template":"","format":"standard","meta":{"jetpack_post_was_ever_published":false,"footnotes":"","_expiration-date-status":"saved","_expiration-date":0,"_expiration-date-type":"","_expiration-date-categories":[],"_expiration-date-options":[]},"categories":[1,57,6,3],"tags":[195,51,7],"class_list":["post-2061","post","type-post","status-publish","format-standard","has-post-thumbnail","hentry","category-allgemein","category-berufsschule","category-europa","category-veranstaltungen","tag-europaeischer-markt","tag-niederlande","tag-partnerschule"],"jetpack_featured_media_url":"https:\/\/i0.wp.com\/www.max-weber-berufskolleg.de\/web\/wp-content\/uploads\/2016\/11\/P1070738-e1480335038172.jpg?fit=600%2C450&ssl=1","jetpack-related-posts":[{"id":3938,"url":"https:\/\/www.max-weber-berufskolleg.de\/web\/europaeischer-markt-am-max-weber-berufskolleg-2\/","url_meta":{"origin":2061,"position":0},"title":"Europ\u00e4ischer Markt am Max-Weber-Berufskolleg","date":"29. November 2018","format":false,"excerpt":"Am Donnerstag, 22. November 2018 trafen 31 niederl\u00e4ndische Sch\u00fclerinnen und Sch\u00fcler und vier Kollegen unserer Partnerschule Astrum College aus Velp (Arnheim) in D\u00fcsseldorf im Max-Weber-Berufskolleg zusammen, um den Europ\u00e4ischen Markt stattfinden zu lassen. Unterst\u00fctzt wurde der Europ\u00e4ische Markt durch Sch\u00fclerinnen und Sch\u00fcler des Max-Weber-Berufskollegs. Die Sch\u00fclerinnen und Sch\u00fcler boten verschiedene\u2026","rel":"","context":"In &quot;Allgemein&quot;","img":{"alt_text":"","src":"https:\/\/i0.wp.com\/www.max-weber-berufskolleg.de\/web\/wp-content\/uploads\/2018\/11\/EUromarkt2018.jpg?fit=1200%2C900&ssl=1&resize=350%2C200","width":350,"height":200},"classes":[]},{"id":3107,"url":"https:\/\/www.max-weber-berufskolleg.de\/web\/europaeischer-markt-am-max-weber-berufskolleg\/","url_meta":{"origin":2061,"position":1},"title":"Europ\u00e4ischer Markt am Max-Weber-Berufskolleg","date":"13. Dezember 2017","format":false,"excerpt":"Am 23. November 2017 begr\u00fc\u00dfte Frau von Zedlitz, Schulleiterin am Max-Weber-Berufskolleg, die deutschen, niederl\u00e4ndischen und polnischen Sch\u00fclerinnen und Sch\u00fcler als Teilnehmerinnen und Teilnehmer des Europ\u00e4ischen Marktes. Von 9:15 Uhr bis 13:15 Uhr verkauften die Sch\u00fclerinnen und Sch\u00fcler diverse Produkte: von selbst kreierten Weihnachtsdekoartikeln, Handyh\u00fcllen, Popcorn, Stropjewaffeln bis hin zu aufgedruckten\u2026","rel":"","context":"In &quot;Allgemein&quot;","img":{"alt_text":"","src":"https:\/\/i0.wp.com\/www.max-weber-berufskolleg.de\/web\/wp-content\/uploads\/2017\/12\/em2017-3.jpg?fit=1200%2C852&ssl=1&resize=350%2C200","width":350,"height":200},"classes":[]},{"id":1600,"url":"https:\/\/www.max-weber-berufskolleg.de\/web\/europaeischer-markt-am-max-weber-berufskolleg-zugunsten-der-fluechtlinge\/","url_meta":{"origin":2061,"position":2},"title":"Europ\u00e4ischer Markt am Max-Weber-Berufskolleg zugunsten der Fl\u00fcchtlinge","date":"12. November 2015","format":false,"excerpt":"Am 19. November 2015 findet in Kooperation mit der niederl\u00e4ndischen Partnerschule ROC A12 aus Arnheim (Velp) in der Aula des Max-Weber-Berufskollegs (MWBK) von 9:30 Uhr bis 13 Uhr ein europ\u00e4ischer Markt statt. Die Verkaufsst\u00e4nde werden von Sch\u00fclerinnen und Sch\u00fclern selber organisiert. Anl\u00e4sslich der aktuellen Fl\u00fcchtlingslage geht der Erl\u00f6s dieses Jahr\u2026","rel":"","context":"In &quot;Berufsschule&quot;","img":{"alt_text":"","src":"https:\/\/i0.wp.com\/www.max-weber-berufskolleg.de\/web\/wp-content\/uploads\/2015\/11\/refugees3-e1447343246678.jpg?fit=600%2C401&ssl=1&resize=350%2C200","width":350,"height":200},"classes":[]},{"id":2055,"url":"https:\/\/www.max-weber-berufskolleg.de\/web\/paedagogischer-tag-an-der-niederlaendischen-partnerschule-astrum-college-in-velp-arnheim\/","url_meta":{"origin":2061,"position":3},"title":"P\u00e4dagogischer Tag an der niederl\u00e4ndischen Partnerschule Astrum College in Velp (Arnheim)","date":"19. November 2016","format":false,"excerpt":"Am 23.09.2016 folgten die Lehrerinnen und Lehrer des Max-Weber-Berufskollegs einer Einladung ihrer Partnerschule Astrum College (fr\u00fcher ROC A12) nach Velp (Arnheim). Am fr\u00fchen Morgen reisten die 80 Kolleginnen und Kollegen p\u00fcnktlich in Velp an, wo sie im Rahmen eines p\u00e4dagogischen Tages ein spannendes Programm erwartete. Nach der Er\u00f6ffnung durch die\u2026","rel":"","context":"In &quot;Allgemein&quot;","img":{"alt_text":"","src":"https:\/\/i0.wp.com\/www.max-weber-berufskolleg.de\/web\/wp-content\/uploads\/2016\/11\/IMG_0035.jpg?fit=1200%2C739&ssl=1&resize=350%2C200","width":350,"height":200},"classes":[]},{"id":2431,"url":"https:\/\/www.max-weber-berufskolleg.de\/web\/max-weber-berufskolleg-startet-kooperation-mit-omec-motors-in-arnheim\/","url_meta":{"origin":2061,"position":4},"title":"Max-Weber-Berufskolleg startet Kooperation mit OMEC Motors in Arnheim","date":"25. April 2017","format":false,"excerpt":"Dank des Kontaktes durch Peter Cijnssen (Astrum College, Velp) k\u00f6nnen Auszubildende des Max-Weber-Berufskollegs von nun an ein Auslandspraktikum in dem niederl\u00e4ndischen Unternehmen OMEC Motors in Arnheim durchf\u00fchren. Nach einem ausf\u00fchrlichen und konstruktiven Austausch schlossen Herr Galletto \u2013 Lehrer am Max-Weber-Berufskolleg \u2013 und der kaufm\u00e4nnische Leiter des Unternehmens OMEC Motors Arnoud\u2026","rel":"","context":"In &quot;Allgemein&quot;","img":{"alt_text":"","src":"https:\/\/i0.wp.com\/www.max-weber-berufskolleg.de\/web\/wp-content\/uploads\/2017\/04\/IMG_0082.jpg?fit=1200%2C893&ssl=1&resize=350%2C200","width":350,"height":200},"classes":[]},{"id":4544,"url":"https:\/\/www.max-weber-berufskolleg.de\/web\/digital-excursion2019\/","url_meta":{"origin":2061,"position":5},"title":"Digital excursion \u2013 Neun Kolleginnen und Kollegen des #MWBK auf dem Weg in die Zukunft","date":"30. Juni 2019","format":false,"excerpt":"Am Freitag, 28. Juni 2019 fuhren am fr\u00fchen Morgen 9 Kolleginnen und Kollegen zu unseren niederl\u00e4ndischen Partnern, den Schulen Dulon College, Technova College und Astrum College nach Ede und Velp, um sich dort zukunftsweisende digitale Systeme der Unterrichtsorganisation und -durchf\u00fchrung sowie projektbezogene digitale Aufgaben zeigen zu lassen. Einen besonders nachhaltigen\u2026","rel":"","context":"In &quot;Allgemein&quot;","img":{"alt_text":"","src":"https:\/\/i0.wp.com\/www.max-weber-berufskolleg.de\/web\/wp-content\/uploads\/2019\/06\/Edevelp2019.jpg?fit=1200%2C544&ssl=1&resize=350%2C200","width":350,"height":200},"classes":[]}],"jetpack_sharing_enabled":true,"_links":{"self":[{"href":"https:\/\/www.max-weber-berufskolleg.de\/web\/wp-json\/wp\/v2\/posts\/2061","targetHints":{"allow":["GET"]}}],"collection":[{"href":"https:\/\/www.max-weber-berufskolleg.de\/web\/wp-json\/wp\/v2\/posts"}],"about":[{"href":"https:\/\/www.max-weber-berufskolleg.de\/web\/wp-json\/wp\/v2\/types\/post"}],"author":[{"embeddable":true,"href":"https:\/\/www.max-weber-berufskolleg.de\/web\/wp-json\/wp\/v2\/users\/9"}],"replies":[{"embeddable":true,"href":"https:\/\/www.max-weber-berufskolleg.de\/web\/wp-json\/wp\/v2\/comments?post=2061"}],"version-history":[{"count":1,"href":"https:\/\/www.max-weber-berufskolleg.de\/web\/wp-json\/wp\/v2\/posts\/2061\/revisions"}],"predecessor-version":[{"id":2064,"href":"https:\/\/www.max-weber-berufskolleg.de\/web\/wp-json\/wp\/v2\/posts\/2061\/revisions\/2064"}],"wp:featuredmedia":[{"embeddable":true,"href":"https:\/\/www.max-weber-berufskolleg.de\/web\/wp-json\/wp\/v2\/media\/2062"}],"wp:attachment":[{"href":"https:\/\/www.max-weber-berufskolleg.de\/web\/wp-json\/wp\/v2\/media?parent=2061"}],"wp:term":[{"taxonomy":"category","embeddable":true,"href":"https:\/\/www.max-weber-berufskolleg.de\/web\/wp-json\/wp\/v2\/categories?post=2061"},{"taxonomy":"post_tag","embeddable":true,"href":"https:\/\/www.max-weber-berufskolleg.de\/web\/wp-json\/wp\/v2\/tags?post=2061"}],"curies":[{"name":"wp","href":"https:\/\/api.w.org\/{rel}","templated":true}]}}