{"id":3076,"date":"2017-12-01T17:44:48","date_gmt":"2017-12-01T16:44:48","guid":{"rendered":"http:\/\/www.max-weber-berufskolleg.de\/web\/?p=3076"},"modified":"2017-12-06T12:09:02","modified_gmt":"2017-12-06T11:09:02","slug":"170-erfolgreiche-auszubildende","status":"publish","type":"post","link":"https:\/\/www.max-weber-berufskolleg.de\/web\/170-erfolgreiche-auszubildende\/","title":{"rendered":"170 erfolgreiche Auszubildende wurden durch das Max-Weber-Berufskolleg feierlich verabschiedet."},"content":{"rendered":"<p style=\"text-align: justify;\">Am 01.12.2017 wurden 170 Auszubildende der verschiedensten Berufe am Ende Ihrer Ausbildung von der Schulleitung des Max-Weber-Berufskolleg verabschiedet. In einer feierlichen Veranstaltung, musikalisch durch Christian Weniger und Chaymae El Jarrari begleitet, wurden sechs Sch\u00fclerinnen und Sch\u00fcler f\u00fcr Ihre besondere Leistung, einem Berufsabschluss mit der Note 1,0\u00a0 erworben zu haben, mit einem Buchgeschenk besonders geehrt. Alle Berufssch\u00fclerinnen und Berufssch\u00fcler haben in entspannter Atmosph\u00e4re ihre Zeugnisse \u00fcberreicht bekommen. Wir w\u00fcnschen allen Sch\u00fclerinnen und Sch\u00fclern dieser Abschlussklassen alles Gute f\u00fcr die Zukunft.<\/p>\n<p>Melanie Falck<\/p>\n<p class=\"jetpack-slideshow-noscript robots-nocontent\">Diese Diashow ben\u00f6tigt JavaScript.<\/p><div id=\"gallery-3076-1-slideshow\" class=\"jetpack-slideshow-window jetpack-slideshow jetpack-slideshow-black\" data-trans=\"fade\" data-autostart=\"1\" data-gallery=\"[{&quot;src&quot;:&quot;https:\\\/\\\/i0.wp.com\\\/www.max-weber-berufskolleg.de\\\/web\\\/wp-content\\\/uploads\\\/2017\\\/12\\\/FeierBA1-e1512145786871.jpg?fit=225%2C300\\u0026ssl=1&quot;,&quot;id&quot;:&quot;3075&quot;,&quot;title&quot;:&quot;FeierBA1&quot;,&quot;alt&quot;:&quot;&quot;,&quot;caption&quot;:&quot;Ansprache der Schulleitung&quot;,&quot;itemprop&quot;:&quot;image&quot;},{&quot;src&quot;:&quot;https:\\\/\\\/i0.wp.com\\\/www.max-weber-berufskolleg.de\\\/web\\\/wp-content\\\/uploads\\\/2017\\\/12\\\/FeierBA3.jpg?fit=300%2C234\\u0026ssl=1&quot;,&quot;id&quot;:&quot;3073&quot;,&quot;title&quot;:&quot;FeierBA3&quot;,&quot;alt&quot;:&quot;&quot;,&quot;caption&quot;:&quot;\\u00dcbergabe der Zeugnisse&quot;,&quot;itemprop&quot;:&quot;image&quot;},{&quot;src&quot;:&quot;https:\\\/\\\/i0.wp.com\\\/www.max-weber-berufskolleg.de\\\/web\\\/wp-content\\\/uploads\\\/2017\\\/12\\\/FeierBA4.jpg?fit=300%2C225\\u0026ssl=1&quot;,&quot;id&quot;:&quot;3074&quot;,&quot;title&quot;:&quot;FeierBA4&quot;,&quot;alt&quot;:&quot;&quot;,&quot;caption&quot;:&quot;Musik&quot;,&quot;itemprop&quot;:&quot;image&quot;},{&quot;src&quot;:&quot;https:\\\/\\\/i0.wp.com\\\/www.max-weber-berufskolleg.de\\\/web\\\/wp-content\\\/uploads\\\/2017\\\/12\\\/FeierBA2-e1512145822657.jpg?fit=225%2C300\\u0026ssl=1&quot;,&quot;id&quot;:&quot;3072&quot;,&quot;title&quot;:&quot;FeierBA2&quot;,&quot;alt&quot;:&quot;&quot;,&quot;caption&quot;:&quot;Erfreute Sch\\u00fcler\\\/innen und G\\u00e4ste&quot;,&quot;itemprop&quot;:&quot;image&quot;}]\" itemscope itemtype=\"https:\/\/schema.org\/ImageGallery\"><\/div>\n<div class=\"twoclick_social_bookmarks_post_3076 social_share_privacy clearfix 1.6.4 locale-de_DE sprite-de_DE\"><\/div><div class=\"twoclick-js\"><script type=\"text\/javascript\">\/* <![CDATA[ *\/\njQuery(document).ready(function($){if($('.twoclick_social_bookmarks_post_3076')){$('.twoclick_social_bookmarks_post_3076').socialSharePrivacy({\"services\":{\"facebook\":{\"status\":\"on\",\"txt_info\":\"2 Klicks f\\u00fcr mehr Datenschutz: Erst wenn Sie hier klicken, wird der Button aktiv und Sie k\\u00f6nnen Ihre Empfehlung an Facebook senden. Schon beim Aktivieren werden Daten an Dritte \\u00fcbertragen - siehe <em>i<\\\/em>.\",\"perma_option\":\"off\",\"action\":\"recommend\",\"language\":\"de_DE\"},\"twitter\":{\"reply_to\":\"\",\"tweet_text\":\"%20170%20erfolgreiche%20Auszubildende%20wurden%20durch%20das%20Max-Weber-Berufskolleg%20feierlich%20...\",\"status\":\"on\",\"txt_info\":\"2 Klicks f\\u00fcr mehr Datenschutz: Erst wenn Sie hier klicken, wird der Button aktiv und Sie k\\u00f6nnen Ihre Empfehlung an Twitter senden. Schon beim Aktivieren werden Daten an Dritte \\u00fcbertragen - siehe <em>i<\\\/em>.\",\"perma_option\":\"off\",\"language\":\"de\",\"referrer_track\":\"\"}},\"txt_help\":\"Wenn Sie diese Felder durch einen Klick aktivieren, werden Informationen an Facebook, Twitter, Flattr, Xing, t3n, LinkedIn, Pinterest oder Google eventuell ins Ausland \\u00fcbertragen und unter Umst\\u00e4nden auch dort gespeichert. N\\u00e4heres erfahren Sie durch einen Klick auf das <em>i<\\\/em>.\",\"settings_perma\":\"Dauerhaft aktivieren und Daten\\u00fcber-tragung zustimmen:\",\"info_link\":\"http:\\\/\\\/www.heise.de\\\/ct\\\/artikel\\\/2-Klicks-fuer-mehr-Datenschutz-1333879.html\",\"uri\":\"https:\\\/\\\/www.max-weber-berufskolleg.de\\\/web\\\/170-erfolgreiche-auszubildende\\\/\",\"post_id\":3076,\"post_title_referrer_track\":\"170+erfolgreiche+Auszubildende+wurden+durch+das+Max-Weber-Berufskolleg+feierlich+verabschiedet.\",\"display_infobox\":\"on\"});}});\n\/* ]]> *\/<\/script><\/div>","protected":false},"excerpt":{"rendered":"<p>Am 01.12.2017 wurden 170 Auszubildende der verschiedensten Berufe am Ende Ihrer Ausbildung von der Schulleitung des Max-Weber-Berufskolleg verabschiedet. In einer feierlichen Veranstaltung, musikalisch durch Christian Weniger und Chaymae El Jarrari begleitet, wurden sechs Sch\u00fclerinnen und Sch\u00fcler f\u00fcr Ihre besondere Leistung, einem Berufsabschluss mit der Note 1,0\u00a0 erworben zu haben, mit einem Buchgeschenk besonders geehrt. Alle &#8230;<a class=\"post-readmore\" href=\"https:\/\/www.max-weber-berufskolleg.de\/web\/170-erfolgreiche-auszubildende\/\">read more<\/a><\/p>\n","protected":false},"author":9,"featured_media":3073,"comment_status":"open","ping_status":"open","sticky":false,"template":"","format":"standard","meta":{"jetpack_post_was_ever_published":false,"footnotes":"","_expiration-date-status":"saved","_expiration-date":0,"_expiration-date-type":"","_expiration-date-categories":[],"_expiration-date-options":[]},"categories":[1,70,57,15,3,59],"tags":[138,111,21],"class_list":["post-3076","post","type-post","status-publish","format-standard","has-post-thumbnail","hentry","category-allgemein","category-ausbildung","category-berufsschule","category-termin","category-veranstaltungen","category-wichtig","tag-ausbildung","tag-duesseldorf","tag-schueler"],"jetpack_featured_media_url":"https:\/\/i0.wp.com\/www.max-weber-berufskolleg.de\/web\/wp-content\/uploads\/2017\/12\/FeierBA3.jpg?fit=479%2C373&ssl=1","jetpack-related-posts":[{"id":3857,"url":"https:\/\/www.max-weber-berufskolleg.de\/web\/ihk-bestenehrung-2018\/","url_meta":{"origin":3076,"position":0},"title":"IHK \u2013 Bestenehrung 2018 \u2013 Auch diesmal wurden  Sch\u00fclerinnen und Sch\u00fcler des Max-Weber-Berufskolleg ausgezeichnet","date":"12. Oktober 2018","format":false,"excerpt":"Vor rund 800 G\u00e4sten wurden am 9. Oktober 2018 rund 280 Auszubildende im Ausbildungsbezirk D\u00fcsseldorf in der D\u00fcsseldorfer Tonhalle von Schulministerin Yvonne Gebauer und IHK-Pr\u00e4sident Andreas Schmitz f\u00fcr ihre au\u00dferordentlichen Pr\u00fcfungsleistungen \u2013 der Abschlussnote \u201esehr gut\u201c \u2013 geehrt. \u201ePr\u00fcfungen sind deshalb so scheu\u00dflich, weil der gr\u00f6\u00dfte Trottel \u2013 Anwesende ausdr\u00fccklich\u2026","rel":"","context":"In &quot;Allgemein&quot;","img":{"alt_text":"","src":"https:\/\/i0.wp.com\/www.max-weber-berufskolleg.de\/web\/wp-content\/uploads\/2018\/10\/20181009_173722.jpg?fit=576%2C324&ssl=1&resize=350%2C200","width":350,"height":200},"classes":[]},{"id":1306,"url":"https:\/\/www.max-weber-berufskolleg.de\/web\/auszubildende-schaetzen-ein-gutes-betriebsklima\/","url_meta":{"origin":3076,"position":1},"title":"Auszubildende sch\u00e4tzen ein gutes Betriebsklima","date":"20. Mai 2015","format":false,"excerpt":"Am Max-Weber-Berufskolleg werden derzeit \u00fcber 2500 Sch\u00fclerinnen und Sch\u00fcler im Dualen System auf einen Beruf vorbereitet, von Kaufleuten f\u00fcr B\u00fcromanagement \u00fcber Fachangestellte f\u00fcr Markt- und Sozialforschung bis hin zu Steuerfachangestellten. Nach einer absolvierten Ausbildung ist es den meisten Absolventen wichtig, dass sie in ihrem Unternehmen ein gutes Betriebsklima vorfinden. Zu\u2026","rel":"","context":"In &quot;Ausbildung&quot;","img":{"alt_text":"","src":"https:\/\/i0.wp.com\/www.max-weber-berufskolleg.de\/web\/wp-content\/uploads\/2015\/05\/team-spirit-207319_1280.jpg?fit=1200%2C600&ssl=1&resize=350%2C200","width":350,"height":200},"classes":[]},{"id":2431,"url":"https:\/\/www.max-weber-berufskolleg.de\/web\/max-weber-berufskolleg-startet-kooperation-mit-omec-motors-in-arnheim\/","url_meta":{"origin":3076,"position":2},"title":"Max-Weber-Berufskolleg startet Kooperation mit OMEC Motors in Arnheim","date":"25. April 2017","format":false,"excerpt":"Dank des Kontaktes durch Peter Cijnssen (Astrum College, Velp) k\u00f6nnen Auszubildende des Max-Weber-Berufskollegs von nun an ein Auslandspraktikum in dem niederl\u00e4ndischen Unternehmen OMEC Motors in Arnheim durchf\u00fchren. Nach einem ausf\u00fchrlichen und konstruktiven Austausch schlossen Herr Galletto \u2013 Lehrer am Max-Weber-Berufskolleg \u2013 und der kaufm\u00e4nnische Leiter des Unternehmens OMEC Motors Arnoud\u2026","rel":"","context":"In &quot;Allgemein&quot;","img":{"alt_text":"","src":"https:\/\/i0.wp.com\/www.max-weber-berufskolleg.de\/web\/wp-content\/uploads\/2017\/04\/IMG_0082.jpg?fit=1200%2C893&ssl=1&resize=350%2C200","width":350,"height":200},"classes":[]},{"id":4760,"url":"https:\/\/www.max-weber-berufskolleg.de\/web\/bestenehrung-der-ihk-2019\/","url_meta":{"origin":3076,"position":3},"title":"Bestenehrung der IHK D\u00fcsseldorf &#8211; auch in diesem Jahr wurden wieder viele Sch\u00fcler des MWBK ausgezeichnet","date":"2. November 2019","format":false,"excerpt":"Am 10. Oktober 2019 richtete die IHK zu D\u00fcsseldorf die Bestenehrung der Absolventinnen und Absolventen aus, die im Winter und im Sommer 2019 die Abschlusspr\u00fcfung vor der IHK ablegten. Von rund 5000 Pr\u00fcflingen haben insgesamt 271 Auszubildende ihre\u00a0Ausbildung mit der Note \"sehr gut\" abgeschlossen, die vor\u00a0800 G\u00e4sten\u00a0in der Tonhalle D\u00fcsseldorf\u2026","rel":"","context":"In &quot;Allgemein&quot;","img":{"alt_text":"","src":"https:\/\/i0.wp.com\/www.max-weber-berufskolleg.de\/web\/wp-content\/uploads\/2019\/11\/Bestenehrung-2019.jpg?fit=1141%2C842&ssl=1&resize=350%2C200","width":350,"height":200},"classes":[]},{"id":4725,"url":"https:\/\/www.max-weber-berufskolleg.de\/web\/cross-cultural-learning-und-digital-coaching-am-max-weber-berufskolleg\/","url_meta":{"origin":3076,"position":4},"title":"Cross-cultural learning und digital coaching am Max-Weber-Berufskolleg","date":"4. Oktober 2019","format":false,"excerpt":"Am 23. September 2019 fanden beide Veranstaltungen im Rahmen des Auslandspraktikums und der Zusatzqualifikation \u201eInternationale berufliche Mobilit\u00e4t\u201c statt. Als Teil der Vorbereitung auf ein Auslandspraktikum besuchten 15 Auszubildende das Seminar zum cross-cultural-learning. In dem Seminar wurden neben vielf\u00e4ltigen Kulturdefinitionen insbesondere Stolpersteine bei der verbalen und non-verbalen Kommunikation im Ausland fokussiert.\u2026","rel":"","context":"In &quot;Allgemein&quot;","img":{"alt_text":"","src":"https:\/\/i0.wp.com\/www.max-weber-berufskolleg.de\/web\/wp-content\/uploads\/2019\/10\/Datenschutz-inter2019.jpg?fit=900%2C1200&ssl=1&resize=350%2C200","width":350,"height":200},"classes":[]},{"id":5465,"url":"https:\/\/www.max-weber-berufskolleg.de\/web\/uebergabe-der-edv-fuehrerscheine-am-mwbk\/","url_meta":{"origin":3076,"position":5},"title":"\u00dcbergabe der EDV-F\u00fchrerscheine am #MWBK","date":"15. Mai 2020","format":false,"excerpt":"Seit mehr als einem Jahrzehnt haben die Sch\u00fclerinnen und Sch\u00fcler des Max-Weber-Berufskollegs die M\u00f6glichkeit ihre Computerkenntnisse, vorwiegend in Textverarbeitung (Word), Tabellenkalkulation (Excel) und Pr\u00e4sentationen (Powerpoint) durch den Staatlichen EDV-F\u00fchrerschein NRW zertifizieren zu lassen. Auch der Erwerb weiterer Module, beispielsweise Datenbanken oder Datenschutz\/Datensicherheit sind m\u00f6glich. Diese Nachweise werten die Bewerbungen um\u2026","rel":"","context":"In &quot;Allgemein&quot;","img":{"alt_text":"","src":"https:\/\/i0.wp.com\/www.max-weber-berufskolleg.de\/web\/wp-content\/uploads\/2020\/05\/EDV-F\u00fchrerschein.jpg?fit=1200%2C837&ssl=1&resize=350%2C200","width":350,"height":200},"classes":[]}],"jetpack_sharing_enabled":true,"_links":{"self":[{"href":"https:\/\/www.max-weber-berufskolleg.de\/web\/wp-json\/wp\/v2\/posts\/3076","targetHints":{"allow":["GET"]}}],"collection":[{"href":"https:\/\/www.max-weber-berufskolleg.de\/web\/wp-json\/wp\/v2\/posts"}],"about":[{"href":"https:\/\/www.max-weber-berufskolleg.de\/web\/wp-json\/wp\/v2\/types\/post"}],"author":[{"embeddable":true,"href":"https:\/\/www.max-weber-berufskolleg.de\/web\/wp-json\/wp\/v2\/users\/9"}],"replies":[{"embeddable":true,"href":"https:\/\/www.max-weber-berufskolleg.de\/web\/wp-json\/wp\/v2\/comments?post=3076"}],"version-history":[{"count":4,"href":"https:\/\/www.max-weber-berufskolleg.de\/web\/wp-json\/wp\/v2\/posts\/3076\/revisions"}],"predecessor-version":[{"id":3082,"href":"https:\/\/www.max-weber-berufskolleg.de\/web\/wp-json\/wp\/v2\/posts\/3076\/revisions\/3082"}],"wp:featuredmedia":[{"embeddable":true,"href":"https:\/\/www.max-weber-berufskolleg.de\/web\/wp-json\/wp\/v2\/media\/3073"}],"wp:attachment":[{"href":"https:\/\/www.max-weber-berufskolleg.de\/web\/wp-json\/wp\/v2\/media?parent=3076"}],"wp:term":[{"taxonomy":"category","embeddable":true,"href":"https:\/\/www.max-weber-berufskolleg.de\/web\/wp-json\/wp\/v2\/categories?post=3076"},{"taxonomy":"post_tag","embeddable":true,"href":"https:\/\/www.max-weber-berufskolleg.de\/web\/wp-json\/wp\/v2\/tags?post=3076"}],"curies":[{"name":"wp","href":"https:\/\/api.w.org\/{rel}","templated":true}]}}