{"id":4233,"date":"2019-02-17T13:02:41","date_gmt":"2019-02-17T12:02:41","guid":{"rendered":"http:\/\/www.max-weber-berufskolleg.de\/web\/?p=4233"},"modified":"2019-02-17T13:02:41","modified_gmt":"2019-02-17T12:02:41","slug":"neujahrsempfang-2019","status":"publish","type":"post","link":"https:\/\/www.max-weber-berufskolleg.de\/web\/neujahrsempfang-2019\/","title":{"rendered":"Neujahrsempfang 2019: Wieder zahlreiche Ausbilder und Lehrer im regen Austausch"},"content":{"rendered":"<p style=\"text-align: justify;\">Am Mittwoch, 13. Februar 2019 fand von 14:00 bis 15:00 Uhr der traditionelle Neujahrsempfang des Max-Weber-Berufskollegs statt. Die Schulleiterin, Frau Sabine von Zedlitz-Neukirch begr\u00fc\u00dfte die Ausbilderinnen und Ausbilder in den neu renovierten und gestalteten R\u00e4umen im F-Bereich der Schule.<\/p>\n<p style=\"text-align: justify;\">Zahlreiche Ausbilder und Ausbilderinnen informierten sich hier bei Kaffee und kleinen Snacks\u00a0\u00fcber die verschiedenen Bildungsangebote des MWBK im dualen Ausbildungssystem. Die anwesenden Lehrer, Bildungsgangleiter und die Schulleitung wurden von den Ausbilder\/innen \u00fcber wichtige, betriebliche Belange und W\u00fcnsche informiert.<\/p>\n<p style=\"text-align: justify;\">Die meisten Ausbilderinnen und Ausbilder nutzten den anschlie\u00dfenden Ausbildersprechtag f\u00fcr pers\u00f6nliche Gespr\u00e4che \u00fcber den aktuellen Leistungsstand ihrer Auszubildenden.<\/p>\n<p>Auch im n\u00e4chsten Jahr wird der Neujahrsempfang wieder stattfinden.<\/p>\n<p><img loading=\"lazy\" decoding=\"async\" data-attachment-id=\"4235\" data-permalink=\"https:\/\/www.max-weber-berufskolleg.de\/web\/neujahrsempfang-2019\/neujahr2019-2\/\" data-orig-file=\"https:\/\/i0.wp.com\/www.max-weber-berufskolleg.de\/web\/wp-content\/uploads\/2019\/02\/Neujahr2019.jpg?fit=1066%2C1600&amp;ssl=1\" data-orig-size=\"1066,1600\" data-comments-opened=\"1\" data-image-meta=\"{&quot;aperture&quot;:&quot;0&quot;,&quot;credit&quot;:&quot;&quot;,&quot;camera&quot;:&quot;&quot;,&quot;caption&quot;:&quot;&quot;,&quot;created_timestamp&quot;:&quot;0&quot;,&quot;copyright&quot;:&quot;&quot;,&quot;focal_length&quot;:&quot;0&quot;,&quot;iso&quot;:&quot;0&quot;,&quot;shutter_speed&quot;:&quot;0&quot;,&quot;title&quot;:&quot;&quot;,&quot;orientation&quot;:&quot;0&quot;}\" data-image-title=\"Neujahr2019\" data-image-description=\"\" data-image-caption=\"\" data-medium-file=\"https:\/\/i0.wp.com\/www.max-weber-berufskolleg.de\/web\/wp-content\/uploads\/2019\/02\/Neujahr2019.jpg?fit=200%2C300&amp;ssl=1\" data-large-file=\"https:\/\/i0.wp.com\/www.max-weber-berufskolleg.de\/web\/wp-content\/uploads\/2019\/02\/Neujahr2019.jpg?fit=682%2C1024&amp;ssl=1\" class=\"aligncenter size-medium wp-image-4235\" src=\"https:\/\/i0.wp.com\/www.max-weber-berufskolleg.de\/web\/wp-content\/uploads\/2019\/02\/Neujahr2019.jpg?resize=200%2C300&#038;ssl=1\" alt=\"\" width=\"200\" height=\"300\" srcset=\"https:\/\/i0.wp.com\/www.max-weber-berufskolleg.de\/web\/wp-content\/uploads\/2019\/02\/Neujahr2019.jpg?resize=200%2C300&amp;ssl=1 200w, https:\/\/i0.wp.com\/www.max-weber-berufskolleg.de\/web\/wp-content\/uploads\/2019\/02\/Neujahr2019.jpg?resize=768%2C1153&amp;ssl=1 768w, https:\/\/i0.wp.com\/www.max-weber-berufskolleg.de\/web\/wp-content\/uploads\/2019\/02\/Neujahr2019.jpg?resize=682%2C1024&amp;ssl=1 682w, https:\/\/i0.wp.com\/www.max-weber-berufskolleg.de\/web\/wp-content\/uploads\/2019\/02\/Neujahr2019.jpg?w=1066&amp;ssl=1 1066w\" sizes=\"auto, (max-width: 200px) 100vw, 200px\" data-recalc-dims=\"1\" \/><\/p>\n<p>Sabine von Zedlitz<\/p>\n<div class=\"twoclick_social_bookmarks_post_4233 social_share_privacy clearfix 1.6.4 locale-de_DE sprite-de_DE\"><\/div><div class=\"twoclick-js\"><script type=\"text\/javascript\">\/* <![CDATA[ *\/\njQuery(document).ready(function($){if($('.twoclick_social_bookmarks_post_4233')){$('.twoclick_social_bookmarks_post_4233').socialSharePrivacy({\"services\":{\"facebook\":{\"status\":\"on\",\"txt_info\":\"2 Klicks f\\u00fcr mehr Datenschutz: Erst wenn Sie hier klicken, wird der Button aktiv und Sie k\\u00f6nnen Ihre Empfehlung an Facebook senden. Schon beim Aktivieren werden Daten an Dritte \\u00fcbertragen - siehe <em>i<\\\/em>.\",\"perma_option\":\"off\",\"action\":\"recommend\",\"language\":\"de_DE\"},\"twitter\":{\"reply_to\":\"\",\"tweet_text\":\"%20Neujahrsempfang%202019%3A%20Wieder%20zahlreiche%20Ausbilder%20und%20Lehrer%20im%20regen%20Austausch%20%C2%BB%20...\",\"status\":\"on\",\"txt_info\":\"2 Klicks f\\u00fcr mehr Datenschutz: Erst wenn Sie hier klicken, wird der Button aktiv und Sie k\\u00f6nnen Ihre Empfehlung an Twitter senden. Schon beim Aktivieren werden Daten an Dritte \\u00fcbertragen - siehe <em>i<\\\/em>.\",\"perma_option\":\"off\",\"language\":\"de\",\"referrer_track\":\"\"}},\"txt_help\":\"Wenn Sie diese Felder durch einen Klick aktivieren, werden Informationen an Facebook, Twitter, Flattr, Xing, t3n, LinkedIn, Pinterest oder Google eventuell ins Ausland \\u00fcbertragen und unter Umst\\u00e4nden auch dort gespeichert. N\\u00e4heres erfahren Sie durch einen Klick auf das <em>i<\\\/em>.\",\"settings_perma\":\"Dauerhaft aktivieren und Daten\\u00fcber-tragung zustimmen:\",\"info_link\":\"http:\\\/\\\/www.heise.de\\\/ct\\\/artikel\\\/2-Klicks-fuer-mehr-Datenschutz-1333879.html\",\"uri\":\"https:\\\/\\\/www.max-weber-berufskolleg.de\\\/web\\\/neujahrsempfang-2019\\\/\",\"post_id\":4233,\"post_title_referrer_track\":\"Neujahrsempfang+2019%3A+Wieder+zahlreiche+Ausbilder+und+Lehrer+im+regen+Austausch\",\"display_infobox\":\"on\"});}});\n\/* ]]> *\/<\/script><\/div>","protected":false},"excerpt":{"rendered":"<p>Am Mittwoch, 13. Februar 2019 fand von 14:00 bis 15:00 Uhr der traditionelle Neujahrsempfang des Max-Weber-Berufskollegs statt. Die Schulleiterin, Frau Sabine von Zedlitz-Neukirch begr\u00fc\u00dfte die Ausbilderinnen und Ausbilder in den neu renovierten und gestalteten R\u00e4umen im F-Bereich der Schule. Zahlreiche Ausbilder und Ausbilderinnen informierten sich hier bei Kaffee und kleinen Snacks\u00a0\u00fcber die verschiedenen Bildungsangebote des &#8230;<a class=\"post-readmore\" href=\"https:\/\/www.max-weber-berufskolleg.de\/web\/neujahrsempfang-2019\/\">read more<\/a><\/p>\n","protected":false},"author":9,"featured_media":4235,"comment_status":"open","ping_status":"open","sticky":false,"template":"","format":"standard","meta":{"jetpack_post_was_ever_published":false,"footnotes":"","_expiration-date-status":"saved","_expiration-date":0,"_expiration-date-type":"","_expiration-date-categories":[],"_expiration-date-options":[]},"categories":[1],"tags":[],"class_list":["post-4233","post","type-post","status-publish","format-standard","has-post-thumbnail","hentry","category-allgemein"],"jetpack_featured_media_url":"https:\/\/i0.wp.com\/www.max-weber-berufskolleg.de\/web\/wp-content\/uploads\/2019\/02\/Neujahr2019.jpg?fit=1066%2C1600&ssl=1","jetpack-related-posts":[{"id":3243,"url":"https:\/\/www.max-weber-berufskolleg.de\/web\/neujahrsempfang-2018\/","url_meta":{"origin":4233,"position":0},"title":"Neujahrsempfang 2018 &#8211; Schule und Ausbilder im regen Austausch","date":"7. Februar 2018","format":false,"excerpt":"Am Mittwoch, 7. Februar 2018 fand von 14:00 bis 15:00 Uhr der schon traditionelle Neujahrsempfang des Max-Weber-Berufskollegs statt. Die stellvertretende Schulleiterin, Frau Falck begr\u00fc\u00dfte die Ausbilderinnen und Ausbilder in den neu renovierten und gestalteten R\u00e4umen im F-Bereich der Schule. Zahlreiche Ausbilder und Ausbilderinnen informierten sich hier bei Kaffee und kleinen\u2026","rel":"","context":"In &quot;Allgemein&quot;","img":{"alt_text":"","src":"","width":0,"height":0},"classes":[]},{"id":7934,"url":"https:\/\/www.max-weber-berufskolleg.de\/web\/einladung-zur-digitalen-sprechstunde-fuer-ausbilderinnen-und-ausbilder\/","url_meta":{"origin":4233,"position":1},"title":"Einladung zur digitalen Sprechstunde f\u00fcr Ausbilderinnen und Ausbilder","date":"24. April 2023","format":false,"excerpt":"Sie haben Fragen zur Organisation? Ideen, die uns weiterbringen? Probleme, die wir l\u00f6sen k\u00f6nnen? Gerne m\u00f6chten wir mit Ihnen ins Gespr\u00e4ch kommen. Wann?\u00a0\u00a0\u00a0\u00a0\u00a0\u00a0\u00a0\u00a0\u00a0\u00a0\u00a0\u00a0\u00a0\u00a0\u00a0\u00a0 11.05.2023 Von\u00a0\u00a0\u00a0\u00a0\u00a0\u00a0\u00a0\u00a0\u00a0\u00a0\u00a0\u00a0\u00a0\u00a0\u00a0\u00a0\u00a0\u00a0\u00a0\u00a0\u00a0 10.00 Uhr bis 11.00 Uhr Wie?\u00a0\u00a0\u00a0\u00a0\u00a0\u00a0\u00a0\u00a0\u00a0\u00a0\u00a0\u00a0\u00a0\u00a0\u00a0\u00a0\u00a0\u00a0\u00a0 \u00dcber Teams (Folgen Sie doch bitte dem nachstehenden Link) https:\/\/teams.microsoft.com\/l\/meetup-join\/19%3ameeting_MzM0OWQ2MzItZDYzOC00YzA1LTk3NTAtODI1ZWJhZmY5ZTA2%40thread.v2\/0?context=%7b%22Tid%22%3a%223229145f-611e-48ce-8949-f89da7b73294%22%2c%22Oid%22%3a%2246cea9fa-e222-45c2-9a44-0972b47e3c43%22%7d Wir freuen uns auf Sie! Melanie Falck und Sabine\u2026","rel":"","context":"In &quot;Ausbildung&quot;","img":{"alt_text":"","src":"https:\/\/i0.wp.com\/www.max-weber-berufskolleg.de\/web\/wp-content\/uploads\/2023\/01\/Gebaeude-scaled.jpg?fit=1200%2C900&ssl=1&resize=350%2C200","width":350,"height":200},"classes":[]},{"id":6167,"url":"https:\/\/www.max-weber-berufskolleg.de\/web\/unser-neujahrsempfang-diesmal-trafen-sich-ausbilder-und-schule-digital\/","url_meta":{"origin":4233,"position":2},"title":"Unser Neujahrsempfang: Diesmal trafen sich Ausbilder und Schule digital!","date":"7. Februar 2021","format":false,"excerpt":"Am 03.02.2021 fand zwischen 13:00 und 14:00 Uhr der traditionelle Neujahrsempfang des Max-Weber-Berufskollegs statt \u2013 den Umst\u00e4nden geschuldet als virtuelle Veranstaltung, kurz und knackig. In Bild und Ton konnten wir so aber trotzdem einen Einblick in die Weiterentwicklung des Max-Weber-Berufskollegs werfen. Im Bildungsgang Patentfachangestellte unterrichten wir seit mehr als 10\u2026","rel":"","context":"In &quot;Allgemein&quot;","img":{"alt_text":"","src":"","width":0,"height":0},"classes":[]},{"id":3699,"url":"https:\/\/www.max-weber-berufskolleg.de\/web\/informationsstunde-fuer-ausbilder\/","url_meta":{"origin":4233,"position":3},"title":"Informationsstunde f\u00fcr Ausbilder im Bildungsgang zur Kauffrau\/zum Kaufmann f\u00fcr B\u00fcromanagement","date":"11. Juli 2018","format":false,"excerpt":"Kurz vor den Sommerferien fand am 5. Juli 2018 die allj\u00e4hrliche Informationsstunde f\u00fcr Ausbilderinnen und Ausbilder im Bildungsgang zur Kauffrau\/zum Kaufmann f\u00fcr B\u00fcromanagement am Max-Weber-Berufskolleg statt. Die Ziele der Veranstaltung waren es Fragen zu kl\u00e4ren, Schwerpunkte der schulischen Ausbildung festzulegen und W\u00fcnsche der Ausbildungsbetriebe sowie Lernschwerpunkte der Auszubildenden m\u00f6glich zu\u2026","rel":"","context":"In &quot;Allgemein&quot;","img":{"alt_text":"","src":"https:\/\/i0.wp.com\/www.max-weber-berufskolleg.de\/web\/wp-content\/uploads\/2018\/07\/2018_Informationsveranstaltung_B\u00c3\u00bcromanagement-1024x1024.jpg?resize=350%2C200&ssl=1","width":350,"height":200},"classes":[]},{"id":9471,"url":"https:\/\/www.max-weber-berufskolleg.de\/web\/ausbilder-und-elternsprechtag\/","url_meta":{"origin":4233,"position":4},"title":"Ausbilder- und Elternsprechtag","date":"14. Januar 2026","format":false,"excerpt":"\u00a0 Am 18. Februar findet am Max-Weber-Berufskolleg (MWBK) der Ausbilder- und Elternsprechtag statt. In der Zeit von 15.00 bis 18.00 Uhr haben Ausbilderinnen und Ausbilder sowie Eltern\/Erziehungsberechtigte die M\u00f6glichkeit zum Austausch mit unseren Lehrkr\u00e4ften. Bitte vereinbaren Sie hierf\u00fcr vorab einen Termin. Informationen zur Terminvereinbarung Die Terminvereinbarung erfolgt direkt per E-Mail\u2026","rel":"","context":"In &quot;Allgemein&quot;","img":{"alt_text":"","src":"https:\/\/i0.wp.com\/www.max-weber-berufskolleg.de\/web\/wp-content\/uploads\/2026\/01\/Ausbildersprechtag.png?fit=1200%2C628&ssl=1&resize=350%2C200","width":350,"height":200},"classes":[]},{"id":9258,"url":"https:\/\/www.max-weber-berufskolleg.de\/web\/digitale-sprechstunde\/","url_meta":{"origin":4233,"position":5},"title":"Digitale Sprechstunde\u00a0","date":"27. August 2025","format":false,"excerpt":"Auch in diesem Schuljahr bieten wir wieder unsere digitale Sprechstunde an. Sie richtet sich an alle Ausbilderinnen und Ausbilder, die Fragen rund um die Ausbildung, die Zusammenarbeit mit dem Berufskolleg oder konkrete Anliegen zu ihren Auszubildenden haben.\ud83d\udcc5 N\u00e4chster Termin:\u00a0Dienstag, 2. September 2025 14:00 - 15:00 (MEZ) \ud83d\udccd Teilnahme: Online \u00fcber\u2026","rel":"","context":"In &quot;Allgemein&quot;","img":{"alt_text":"","src":"https:\/\/i0.wp.com\/www.max-weber-berufskolleg.de\/web\/wp-content\/uploads\/2020\/08\/sonne.jpeg?fit=1179%2C1200&ssl=1&resize=350%2C200","width":350,"height":200},"classes":[]}],"jetpack_sharing_enabled":true,"_links":{"self":[{"href":"https:\/\/www.max-weber-berufskolleg.de\/web\/wp-json\/wp\/v2\/posts\/4233","targetHints":{"allow":["GET"]}}],"collection":[{"href":"https:\/\/www.max-weber-berufskolleg.de\/web\/wp-json\/wp\/v2\/posts"}],"about":[{"href":"https:\/\/www.max-weber-berufskolleg.de\/web\/wp-json\/wp\/v2\/types\/post"}],"author":[{"embeddable":true,"href":"https:\/\/www.max-weber-berufskolleg.de\/web\/wp-json\/wp\/v2\/users\/9"}],"replies":[{"embeddable":true,"href":"https:\/\/www.max-weber-berufskolleg.de\/web\/wp-json\/wp\/v2\/comments?post=4233"}],"version-history":[{"count":2,"href":"https:\/\/www.max-weber-berufskolleg.de\/web\/wp-json\/wp\/v2\/posts\/4233\/revisions"}],"predecessor-version":[{"id":4236,"href":"https:\/\/www.max-weber-berufskolleg.de\/web\/wp-json\/wp\/v2\/posts\/4233\/revisions\/4236"}],"wp:featuredmedia":[{"embeddable":true,"href":"https:\/\/www.max-weber-berufskolleg.de\/web\/wp-json\/wp\/v2\/media\/4235"}],"wp:attachment":[{"href":"https:\/\/www.max-weber-berufskolleg.de\/web\/wp-json\/wp\/v2\/media?parent=4233"}],"wp:term":[{"taxonomy":"category","embeddable":true,"href":"https:\/\/www.max-weber-berufskolleg.de\/web\/wp-json\/wp\/v2\/categories?post=4233"},{"taxonomy":"post_tag","embeddable":true,"href":"https:\/\/www.max-weber-berufskolleg.de\/web\/wp-json\/wp\/v2\/tags?post=4233"}],"curies":[{"name":"wp","href":"https:\/\/api.w.org\/{rel}","templated":true}]}}