{"id":4323,"date":"2019-03-25T06:00:04","date_gmt":"2019-03-25T05:00:04","guid":{"rendered":"http:\/\/www.max-weber-berufskolleg.de\/web\/?p=4323"},"modified":"2019-03-24T09:22:38","modified_gmt":"2019-03-24T08:22:38","slug":"europa-am-max-weber-berufskolleg-2019","status":"publish","type":"post","link":"https:\/\/www.max-weber-berufskolleg.de\/web\/europa-am-max-weber-berufskolleg-2019\/","title":{"rendered":"Europa am Max-Weber-Berufskolleg 2019"},"content":{"rendered":"<p style=\"text-align: justify;\">Europa am<a href=\"https:\/\/www.max-weber-berufskolleg.de\/web\/allgemeine-schulinfos\/europa\/aktuell\/\"> Max-Weber-Berufskolleg <\/a>hat eine lange und erfolgreiche Tradition. Nicht nur dass das Max-Weber-Berufskolleg eine der wenigen Europaschulen in D\u00fcsseldorf ist, sondern ein innovativer und sch\u00fclernaher Europaunterricht z\u00e4hlt zu den besonderen Kennzeichnen das Max-Weber-Berufskollegs.<\/p>\n<ul style=\"text-align: justify;\">\n<li><a href=\"https:\/\/www.max-weber-berufskolleg.de\/web\/allgemeine-schulinfos\/europa\/auslandspraktika\/\">Europe 4.0 &#8211; ERASMUS<\/a>: Jedes Jahr sammeln zahlreiche Berufssch\u00fcler*innen f\u00fcr mindestens 2 bis maximal 6 Wochen Berufserfahrung in einem europ\u00e4ischen Partnerland.<\/li>\n<li><a href=\"https:\/\/www.max-weber-berufskolleg.de\/web\/allgemeine-schulinfos\/europa\/bilingualer-unterricht\/\">Bilingualer Unterricht:<\/a> In lebens- und berufsnahen Situationen lernen die Sch\u00fcler*innen ihre Fremdsprachenkompetenzen so einzusetzen, dass sie f\u00fcr die beruflichen und interkulturellen Herausforderungen einer globalen Arbeitswelt vorbereitet sind.<\/li>\n<li><a href=\"https:\/\/bsmart4europe.eu\/\">B.Smart4Europe:<\/a> Auf internationalen Projekttreffen arbeiten Sch\u00fcler*innen der zweij\u00e4hrigen Berufsfachschule gemeinsam mit\u00a0Jugendlichen aus Italien, Finnland, \u00d6sterreich und Belgien an digitalen und interaktiven Projektaufgaben.<\/li>\n<li><a href=\"https:\/\/www.max-weber-berufskolleg.de\/web\/uebersicht-zusatzqualifikationen\/\">Zusatzqualifkationen:<\/a> Das Max-Weber-Berufskolleg bietet zahlreiche Weiterbildungsm\u00f6glichkeiten, um sich optimal f\u00fcr eine internationale Arbeitswelt zu qualifizieren.<\/li>\n<\/ul>\n<p style=\"text-align: justify;\">Gerade vor den Europwahlen und zum Europatag wird das Thema Europa intensiv im Unterricht und in der Projektarbeit thematisiert. Zus\u00e4tzlich k\u00f6nnen die Sch\u00fcler*innen an folgenden Europaaktivit\u00e4ten teilnehmen:<\/p>\n<ul style=\"text-align: justify;\">\n<li>EU-Workshop &#8222;Europa? Was z\u00e4hlt, sind wir!&#8220;<\/li>\n<li>EU-Planspiel zur Europawahl<\/li>\n<li>Europaexkursion nach L\u00fcttich\/Li\u00e8ge (Belgien)<\/li>\n<li>Europaexkursion nach Br\u00fcssel: Besuch des Europaparlaments<\/li>\n<li>Interaktive und digitale Projektaufgaben zur Europawahl<\/li>\n<\/ul>\n<p style=\"text-align: justify;\">Folgen Sie unseren Europaaktivit\u00e4ten zum Europatag:\u00a0#EuropatagMWBK<br \/>\n<img loading=\"lazy\" decoding=\"async\" data-attachment-id=\"4322\" data-permalink=\"https:\/\/www.max-weber-berufskolleg.de\/web\/europa-am-max-weber-berufskolleg-2019\/eurotag2019\/\" data-orig-file=\"https:\/\/i0.wp.com\/www.max-weber-berufskolleg.de\/web\/wp-content\/uploads\/2019\/03\/Eurotag2019.jpg?fit=2048%2C2048&amp;ssl=1\" data-orig-size=\"2048,2048\" data-comments-opened=\"1\" data-image-meta=\"{&quot;aperture&quot;:&quot;0&quot;,&quot;credit&quot;:&quot;&quot;,&quot;camera&quot;:&quot;&quot;,&quot;caption&quot;:&quot;&quot;,&quot;created_timestamp&quot;:&quot;0&quot;,&quot;copyright&quot;:&quot;&quot;,&quot;focal_length&quot;:&quot;0&quot;,&quot;iso&quot;:&quot;0&quot;,&quot;shutter_speed&quot;:&quot;0&quot;,&quot;title&quot;:&quot;&quot;,&quot;orientation&quot;:&quot;0&quot;}\" data-image-title=\"Eurotag2019\" data-image-description=\"\" data-image-caption=\"\" data-medium-file=\"https:\/\/i0.wp.com\/www.max-weber-berufskolleg.de\/web\/wp-content\/uploads\/2019\/03\/Eurotag2019.jpg?fit=300%2C300&amp;ssl=1\" data-large-file=\"https:\/\/i0.wp.com\/www.max-weber-berufskolleg.de\/web\/wp-content\/uploads\/2019\/03\/Eurotag2019.jpg?fit=1024%2C1024&amp;ssl=1\" class=\"aligncenter size-large wp-image-4322\" src=\"https:\/\/i0.wp.com\/www.max-weber-berufskolleg.de\/web\/wp-content\/uploads\/2019\/03\/Eurotag2019.jpg?resize=1024%2C1024&#038;ssl=1\" alt=\"\" width=\"1024\" height=\"1024\" srcset=\"https:\/\/i0.wp.com\/www.max-weber-berufskolleg.de\/web\/wp-content\/uploads\/2019\/03\/Eurotag2019.jpg?resize=1024%2C1024&amp;ssl=1 1024w, https:\/\/i0.wp.com\/www.max-weber-berufskolleg.de\/web\/wp-content\/uploads\/2019\/03\/Eurotag2019.jpg?resize=150%2C150&amp;ssl=1 150w, https:\/\/i0.wp.com\/www.max-weber-berufskolleg.de\/web\/wp-content\/uploads\/2019\/03\/Eurotag2019.jpg?resize=300%2C300&amp;ssl=1 300w, https:\/\/i0.wp.com\/www.max-weber-berufskolleg.de\/web\/wp-content\/uploads\/2019\/03\/Eurotag2019.jpg?resize=768%2C768&amp;ssl=1 768w, https:\/\/i0.wp.com\/www.max-weber-berufskolleg.de\/web\/wp-content\/uploads\/2019\/03\/Eurotag2019.jpg?w=2048&amp;ssl=1 2048w\" sizes=\"auto, (max-width: 1000px) 100vw, 1000px\" data-recalc-dims=\"1\" \/><br \/>\nBarbara Stieldorf<\/p>\n<div class=\"twoclick_social_bookmarks_post_4323 social_share_privacy clearfix 1.6.4 locale-de_DE sprite-de_DE\"><\/div><div class=\"twoclick-js\"><script type=\"text\/javascript\">\/* <![CDATA[ *\/\njQuery(document).ready(function($){if($('.twoclick_social_bookmarks_post_4323')){$('.twoclick_social_bookmarks_post_4323').socialSharePrivacy({\"services\":{\"facebook\":{\"status\":\"on\",\"txt_info\":\"2 Klicks f\\u00fcr mehr Datenschutz: Erst wenn Sie hier klicken, wird der Button aktiv und Sie k\\u00f6nnen Ihre Empfehlung an Facebook senden. Schon beim Aktivieren werden Daten an Dritte \\u00fcbertragen - siehe <em>i<\\\/em>.\",\"perma_option\":\"off\",\"action\":\"recommend\",\"language\":\"de_DE\"},\"twitter\":{\"reply_to\":\"\",\"tweet_text\":\"%20Europa%20am%20Max-Weber-Berufskolleg%202019%20%C2%BB%20MWBK%20D%C3%BCsseldorf%20%23Aktion%20%23Ausbildung%20...\",\"status\":\"on\",\"txt_info\":\"2 Klicks f\\u00fcr mehr Datenschutz: Erst wenn Sie hier klicken, wird der Button aktiv und Sie k\\u00f6nnen Ihre Empfehlung an Twitter senden. Schon beim Aktivieren werden Daten an Dritte \\u00fcbertragen - siehe <em>i<\\\/em>.\",\"perma_option\":\"off\",\"language\":\"de\",\"referrer_track\":\"\"}},\"txt_help\":\"Wenn Sie diese Felder durch einen Klick aktivieren, werden Informationen an Facebook, Twitter, Flattr, Xing, t3n, LinkedIn, Pinterest oder Google eventuell ins Ausland \\u00fcbertragen und unter Umst\\u00e4nden auch dort gespeichert. N\\u00e4heres erfahren Sie durch einen Klick auf das <em>i<\\\/em>.\",\"settings_perma\":\"Dauerhaft aktivieren und Daten\\u00fcber-tragung zustimmen:\",\"info_link\":\"http:\\\/\\\/www.heise.de\\\/ct\\\/artikel\\\/2-Klicks-fuer-mehr-Datenschutz-1333879.html\",\"uri\":\"https:\\\/\\\/www.max-weber-berufskolleg.de\\\/web\\\/europa-am-max-weber-berufskolleg-2019\\\/\",\"post_id\":4323,\"post_title_referrer_track\":\"Europa+am+Max-Weber-Berufskolleg+2019\",\"display_infobox\":\"on\"});}});\n\/* ]]> *\/<\/script><\/div>","protected":false},"excerpt":{"rendered":"<p>Europa am Max-Weber-Berufskolleg hat eine lange und erfolgreiche Tradition. Nicht nur dass das Max-Weber-Berufskolleg eine der wenigen Europaschulen in D\u00fcsseldorf ist, sondern ein innovativer und sch\u00fclernaher Europaunterricht z\u00e4hlt zu den besonderen Kennzeichnen das Max-Weber-Berufskollegs. Europe 4.0 &#8211; ERASMUS: Jedes Jahr sammeln zahlreiche Berufssch\u00fcler*innen f\u00fcr mindestens 2 bis maximal 6 Wochen Berufserfahrung in einem europ\u00e4ischen Partnerland. &#8230;<a class=\"post-readmore\" href=\"https:\/\/www.max-weber-berufskolleg.de\/web\/europa-am-max-weber-berufskolleg-2019\/\">read more<\/a><\/p>\n","protected":false},"author":9,"featured_media":4322,"comment_status":"open","ping_status":"open","sticky":false,"template":"","format":"standard","meta":{"jetpack_post_was_ever_published":false,"footnotes":"","_expiration-date-status":"saved","_expiration-date":0,"_expiration-date-type":"","_expiration-date-categories":[],"_expiration-date-options":[]},"categories":[1,57,277,6,246,299,52,285],"tags":[39,138,108,111,119,146,132,26,185],"class_list":["post-4323","post","type-post","status-publish","format-standard","has-post-thumbnail","hentry","category-allgemein","category-berufsschule","category-digitalisierung","category-europa","category-europaschule","category-fortbildung","category-individuelle-foerderung","category-internationalisierung","tag-aktion","tag-ausbildung","tag-auslandspraktikum","tag-duesseldorf","tag-erasmus","tag-eu","tag-europa","tag-europatag","tag-projekt"],"jetpack_featured_media_url":"https:\/\/i0.wp.com\/www.max-weber-berufskolleg.de\/web\/wp-content\/uploads\/2019\/03\/Eurotag2019.jpg?fit=2048%2C2048&ssl=1","jetpack-related-posts":[{"id":4425,"url":"https:\/\/www.max-weber-berufskolleg.de\/web\/das-mwbk-feiert-den-europatag-in-italien\/","url_meta":{"origin":4323,"position":0},"title":"Das Max-Weber-Berufskolleg feiert den Europatag in Italien","date":"9. Mai 2019","format":false,"excerpt":"Am 9. Mai 2019 durften Sch\u00fcler\/innen und Lehrer\/innen den Europagedanken aus D\u00fcsseldorf nach Senigallia (Italien) bringen. Gemeinsam mit Jugendlichen und Lehrer\/innen aus Finnland, \u00d6sterreich, Belgien und S\u00fcdtirol hat das Max-Weber-Berufskolleg Europa und ERASMUS+ gefeiert. Auf einem offiziellen Akt beim B\u00fcrgermeister von Senigallia durfte das Max-Weber-Berufskolleg seine Gedanken zu Europa und\u2026","rel":"","context":"In &quot;Allgemein&quot;","img":{"alt_text":"","src":"https:\/\/i0.wp.com\/www.max-weber-berufskolleg.de\/web\/wp-content\/uploads\/2019\/05\/Europa2019-05.jpg?fit=1200%2C1200&ssl=1&resize=350%2C200","width":350,"height":200},"classes":[]},{"id":3835,"url":"https:\/\/www.max-weber-berufskolleg.de\/web\/erasmus-days-am-max-weber-berufskolleg\/","url_meta":{"origin":4323,"position":1},"title":"ERASMUS+ Days am Max-Weber-Berufskolleg","date":"11. Oktober 2018","format":false,"excerpt":"Europaweit finden am 12. und 13. Oktober 2018 die diesj\u00e4hrigen ERASMUS+Days statt. Auch das Max-Weber-Berufskolleg feiert an diesen Tagen das EU-Projekt ERASMUS+. Seit vielen Jahren werden am Max-Weber-Berufskolleg erfolgreich ERASMUS+Projekte umgesetzt. Aktuell koordiniert das Max-Weber-Berufskolleg folgende Projekte: Europe 4.0:\u00a0Auslandspraktika f\u00fcr Sch\u00fclerinnen und Sch\u00fcler. (Mit Link zum Projektblog) B.Smart4Europe:\u00a0Unterrichtsentwicklung mit dem\u2026","rel":"","context":"In &quot;Allgemein&quot;","img":{"alt_text":"","src":"","width":0,"height":0},"classes":[]},{"id":4406,"url":"https:\/\/www.max-weber-berufskolleg.de\/web\/b-smart4europe-digitale-lesereise\/","url_meta":{"origin":4323,"position":2},"title":"B.Smart4Europe &#8211; Kommt mit auf eine digitale Lesereise!","date":"5. Mai 2019","format":false,"excerpt":"Vom 6. bis zum 10. Mai 2019 findet das letzte Projekttreffen von B.Smart4Europe in Senigallia (Italien) statt. Drei Jugendliche der H\u00f6heren Handelsschule des Max-Weber-Berufskollegs werden sich gemeinsam mit Sch\u00fcler*innen aus Italien, Finnland, \u00d6sterreich und Belgien intensiv mit dem Jugendbuch \u201eIn the sea there are crocodiles\u201c auseinander setzen. Ziele des B.Smart4Europe-Projekts\u2026","rel":"","context":"In &quot;Allgemein&quot;","img":{"alt_text":"","src":"https:\/\/i0.wp.com\/www.max-weber-berufskolleg.de\/web\/wp-content\/uploads\/2019\/05\/besmart4-2019.jpg?fit=446%2C640&ssl=1&resize=350%2C200","width":350,"height":200},"classes":[]},{"id":3886,"url":"https:\/\/www.max-weber-berufskolleg.de\/web\/das-max-weber-berufskolleg-als-vorbild-fuer-internationalisierung-des-berufskollegs\/","url_meta":{"origin":4323,"position":3},"title":"Das Max-Weber-Berufskolleg als Vorbild f\u00fcr Internationalisierung des Berufskollegs","date":"4. November 2018","format":false,"excerpt":"Am 30. Oktober 2018 hat das Europateam des Max-Weber-Berufskollegs im Rahmen der Fortbildungsma\u00dfnahmen der GEB (Gesch\u00e4ftsstelle f\u00fcr EU-Projekte und berufliche Qualifizierung der Bezirksregierung D\u00fcsseldorf) andere Berufsschullehrerinnen\/Berufsschullehrer \u00fcber das Internationalisierungskonzept des Max-Weber-Berufskollegs informiert. Das Max-Weber-Berufskolleg darf als einziges Berufskolleg in D\u00fcsseldorf das Zertifikat \u201eEuropaschulen in NRW\u201c tragen. Weiterhin z\u00e4hlt das Max-Weber-Berufskolleg\u2026","rel":"","context":"In &quot;Allgemein&quot;","img":{"alt_text":"","src":"https:\/\/i0.wp.com\/www.max-weber-berufskolleg.de\/web\/wp-content\/uploads\/2018\/11\/Internationalisierung.jpg?fit=796%2C517&ssl=1&resize=350%2C200","width":350,"height":200},"classes":[]},{"id":4842,"url":"https:\/\/www.max-weber-berufskolleg.de\/web\/europaischermarkt2019\/","url_meta":{"origin":4323,"position":4},"title":"Sch\u00fcler*innen engagieren sich f\u00fcr sauberes Trinkwasser (Viva Con Agua) auf dem &#8222;Europ\u00e4ischen Markt&#8220;","date":"25. November 2019","format":false,"excerpt":"Am 21. November 2019 haben Sch\u00fcler*innen des Max-Weber-Berufskollegs ein besonderes ehrenamtliches Engagement gezeigt und 217,00 EUR f\u00fcr Viva con Agua gesammelt. Jedes Jahr findet in Kooperation mit der niederl\u00e4ndischen Partnerschule Astrum College (Velp) im Rahmen eines Sch\u00fcleraustausches der Europ\u00e4ischen Markt statt. Ziel ist es dabei, dass Sch\u00fcler*innen und Auszubildende auf\u2026","rel":"","context":"In &quot;Allgemein&quot;","img":{"alt_text":"","src":"https:\/\/i0.wp.com\/www.max-weber-berufskolleg.de\/web\/wp-content\/uploads\/2019\/11\/vivacon2019.jpg?fit=1200%2C1200&ssl=1&resize=350%2C200","width":350,"height":200},"classes":[]},{"id":5706,"url":"https:\/\/www.max-weber-berufskolleg.de\/web\/digitale-klasse-in-der-hoeheren-handelsschule\/","url_meta":{"origin":4323,"position":5},"title":"Digitale Klasse in der H\u00f6heren Handelsschule","date":"21. August 2020","format":false,"excerpt":"Heute ist es soweit: \u201eWir erhalten endlich unser iPad!\u201c Eine ganze Klasse kann es nicht erwarten, dass der digitale Unterricht unter guten Bedingungen beginnt. Nicht nur, dass jede\/r Sch\u00fcler\/in von der Schule f\u00fcr den Unterricht, die Hausaufgaben und zum Lernen ein pers\u00f6nliches iPad erh\u00e4lt \u2013 im Neubau des Max-Weber-Berufskollegs wird\u2026","rel":"","context":"In &quot;Allgemein&quot;","img":{"alt_text":"","src":"https:\/\/i0.wp.com\/www.max-weber-berufskolleg.de\/web\/wp-content\/uploads\/2020\/08\/Haeha2020digital.png?fit=1200%2C1200&ssl=1&resize=350%2C200","width":350,"height":200},"classes":[]}],"jetpack_sharing_enabled":true,"_links":{"self":[{"href":"https:\/\/www.max-weber-berufskolleg.de\/web\/wp-json\/wp\/v2\/posts\/4323","targetHints":{"allow":["GET"]}}],"collection":[{"href":"https:\/\/www.max-weber-berufskolleg.de\/web\/wp-json\/wp\/v2\/posts"}],"about":[{"href":"https:\/\/www.max-weber-berufskolleg.de\/web\/wp-json\/wp\/v2\/types\/post"}],"author":[{"embeddable":true,"href":"https:\/\/www.max-weber-berufskolleg.de\/web\/wp-json\/wp\/v2\/users\/9"}],"replies":[{"embeddable":true,"href":"https:\/\/www.max-weber-berufskolleg.de\/web\/wp-json\/wp\/v2\/comments?post=4323"}],"version-history":[{"count":2,"href":"https:\/\/www.max-weber-berufskolleg.de\/web\/wp-json\/wp\/v2\/posts\/4323\/revisions"}],"predecessor-version":[{"id":4325,"href":"https:\/\/www.max-weber-berufskolleg.de\/web\/wp-json\/wp\/v2\/posts\/4323\/revisions\/4325"}],"wp:featuredmedia":[{"embeddable":true,"href":"https:\/\/www.max-weber-berufskolleg.de\/web\/wp-json\/wp\/v2\/media\/4322"}],"wp:attachment":[{"href":"https:\/\/www.max-weber-berufskolleg.de\/web\/wp-json\/wp\/v2\/media?parent=4323"}],"wp:term":[{"taxonomy":"category","embeddable":true,"href":"https:\/\/www.max-weber-berufskolleg.de\/web\/wp-json\/wp\/v2\/categories?post=4323"},{"taxonomy":"post_tag","embeddable":true,"href":"https:\/\/www.max-weber-berufskolleg.de\/web\/wp-json\/wp\/v2\/tags?post=4323"}],"curies":[{"name":"wp","href":"https:\/\/api.w.org\/{rel}","templated":true}]}}