{"id":4486,"date":"2019-05-24T18:23:04","date_gmt":"2019-05-24T16:23:04","guid":{"rendered":"http:\/\/www.max-weber-berufskolleg.de\/web\/?p=4486"},"modified":"2019-05-24T18:23:04","modified_gmt":"2019-05-24T16:23:04","slug":"das-mwbk-stellt-eigenes-etwinning-projekt","status":"publish","type":"post","link":"https:\/\/www.max-weber-berufskolleg.de\/web\/das-mwbk-stellt-eigenes-etwinning-projekt\/","title":{"rendered":"Das Max-Weber-Berufskolleg stellt eigenes eTwinning-Projekt \u201e \u00a1As\u00ed vivo yo!\u201c auf der PAD-Fachtagung 2019 vor:"},"content":{"rendered":"<p style=\"text-align: justify;\"><strong>\u201eLernen wie Erasmus &#8211; denn Austausch bildet\u201c.<\/strong><\/p>\n<p style=\"text-align: justify;\">Kurz vor den Europawahlen fand vom 19.05 bis zum21.05.2019 die Fachtagung des PAD mit Schwerpunkt auf dem EU-Programm <strong>Erasmus+<\/strong> statt.<\/p>\n<p style=\"text-align: justify;\">\u00a0\u201eErasmus+ Projekte bringen mehr Europa ins Klassenzimmer und sind eine echte europ\u00e4ische Erfolgsgeschichte\u201c, sagte Staatsminister Prof. Dr. R. Alexander Lorz zum Auftakt der diesj\u00e4hrigen Fachtagung des PAD im Gustav-Stresemann-Institut in Bonn.<\/p>\n<p style=\"text-align: justify;\">Unter dem Motto \u201eLernen wie Erasmus \u2013 denn Austausch bildet\u201c tauschten sich vom 19. bis 21. Mai Lehrkr\u00e4fte, Schulleitungen und p\u00e4dagogische Fachkr\u00e4fte \u00fcber ihre Erfahrungen mit europ\u00e4ischer Projektarbeit aus. Auch das <strong>Max-Weber-Berufskolleg<\/strong>, vertreten von Herrn Studienrat Gerrit Donder, stellte ein multinationales digitales <strong>eTwinning- Projekt \u201eAs\u00ed vivo yo!\u201c<\/strong> vor. Ein Projekt, das mit Sch\u00fclerinnen und Sch\u00fclern der H\u00f6heren Handelsschule gemeinsam mit\u00a0 anderen Sch\u00fclerinnen und Sch\u00fclern aus Polen, Frankreich, Spanien, Italien und Tunesien im Fach Spanisch aktuell durchgef\u00fchrt wird.<\/p>\n<p style=\"text-align: justify;\">W\u00e4hrend des Projekts beschreiben sich die Sch\u00fclerinnen und Sch\u00fcler online gegenseitig ihren Alltag. Dabei lernen sie das Alltagsleben der Partnersch\u00fclerinnen und Sch\u00fcler in Europa kennen. Daraus erstellen sie gemeinsam eine Videomontage. Die Sch\u00fclerinnen und Sch\u00fcler nutzen daf\u00fcr verschiedene digitale Programme, \u00fcber die sie sich auch gegenseitig unabh\u00e4ngig vom Lernort Schule austauschen k\u00f6nnen. Die Erkenntnisse der Sch\u00fclerinnen und Sch\u00fcler sind bislang u. a. gewesen, dass jede Nation ihre kulturellen Besonderheiten hat, die als bereichernd f\u00fcr die jeweiligen Perspektiven wahrgenommen worden sind. Ganz im Gegensatz dazu konnten die am Anfang des Projekts von vielen Sch\u00fclerinnen und Sch\u00fclern vermuteten menschlichen Unterschiedlichkeiten \u00fcberhaupt nicht best\u00e4tigt werden.<\/p>\n<p style=\"text-align: justify;\">Im Sinne eines ersten rundum gelungenen Austausches setzten sich die G\u00e4ste in anschlie\u00dfenden Diskussionsforen mit vertiefenden Fragestellungen auseinander, wie bspw.: Wie kann Onlinekooperation auf der<a href=\"https:\/\/www.kmk-pad.org\/programme\/etwinning.html\"> eTwinning Plattform<\/a> mit realen Begegnungen zwischen jungen Menschen verkn\u00fcpft werden? Wie kann der Austausch auf der europ\u00e4ischen Internetplattform noch verbessert werden?<\/p>\n<p style=\"text-align: justify;\">F\u00fcr das kommende Schuljahr sind jedenfalls weitere internationale <strong>eTwinning-Projekte<\/strong> im Fach Spanisch geplant, um m\u00f6glichst allen interessierten Sch\u00fclerinnen und Sch\u00fclern die M\u00f6glichkeit zu geben, einen authentischen, lebendigen und kommunikativen Spanischunterricht am Max-Weber-Berufskolleg anzubieten.<\/p>\n<p><img loading=\"lazy\" decoding=\"async\" data-attachment-id=\"4487\" data-permalink=\"https:\/\/www.max-weber-berufskolleg.de\/web\/das-mwbk-stellt-eigenes-etwinning-projekt\/spanisch2019-donder\/\" data-orig-file=\"https:\/\/i0.wp.com\/www.max-weber-berufskolleg.de\/web\/wp-content\/uploads\/2019\/05\/Spanisch2019-Donder.jpg?fit=466%2C448&amp;ssl=1\" data-orig-size=\"466,448\" data-comments-opened=\"1\" data-image-meta=\"{&quot;aperture&quot;:&quot;0&quot;,&quot;credit&quot;:&quot;&quot;,&quot;camera&quot;:&quot;&quot;,&quot;caption&quot;:&quot;&quot;,&quot;created_timestamp&quot;:&quot;0&quot;,&quot;copyright&quot;:&quot;&quot;,&quot;focal_length&quot;:&quot;0&quot;,&quot;iso&quot;:&quot;0&quot;,&quot;shutter_speed&quot;:&quot;0&quot;,&quot;title&quot;:&quot;&quot;,&quot;orientation&quot;:&quot;0&quot;}\" data-image-title=\"Spanisch2019 Donder\" data-image-description=\"\" data-image-caption=\"\" data-medium-file=\"https:\/\/i0.wp.com\/www.max-weber-berufskolleg.de\/web\/wp-content\/uploads\/2019\/05\/Spanisch2019-Donder.jpg?fit=300%2C288&amp;ssl=1\" data-large-file=\"https:\/\/i0.wp.com\/www.max-weber-berufskolleg.de\/web\/wp-content\/uploads\/2019\/05\/Spanisch2019-Donder.jpg?fit=466%2C448&amp;ssl=1\" class=\"aligncenter size-full wp-image-4487\" src=\"https:\/\/i0.wp.com\/www.max-weber-berufskolleg.de\/web\/wp-content\/uploads\/2019\/05\/Spanisch2019-Donder.jpg?resize=466%2C448&#038;ssl=1\" alt=\"\" width=\"466\" height=\"448\" srcset=\"https:\/\/i0.wp.com\/www.max-weber-berufskolleg.de\/web\/wp-content\/uploads\/2019\/05\/Spanisch2019-Donder.jpg?w=466&amp;ssl=1 466w, https:\/\/i0.wp.com\/www.max-weber-berufskolleg.de\/web\/wp-content\/uploads\/2019\/05\/Spanisch2019-Donder.jpg?resize=300%2C288&amp;ssl=1 300w\" sizes=\"auto, (max-width: 466px) 100vw, 466px\" data-recalc-dims=\"1\" \/><\/p>\n<p>Gerrit Donder<\/p>\n<div class=\"twoclick_social_bookmarks_post_4486 social_share_privacy clearfix 1.6.4 locale-de_DE sprite-de_DE\"><\/div><div class=\"twoclick-js\"><script type=\"text\/javascript\">\/* <![CDATA[ *\/\njQuery(document).ready(function($){if($('.twoclick_social_bookmarks_post_4486')){$('.twoclick_social_bookmarks_post_4486').socialSharePrivacy({\"services\":{\"facebook\":{\"status\":\"on\",\"txt_info\":\"2 Klicks f\\u00fcr mehr Datenschutz: Erst wenn Sie hier klicken, wird der Button aktiv und Sie k\\u00f6nnen Ihre Empfehlung an Facebook senden. Schon beim Aktivieren werden Daten an Dritte \\u00fcbertragen - siehe <em>i<\\\/em>.\",\"perma_option\":\"off\",\"action\":\"recommend\",\"language\":\"de_DE\"},\"twitter\":{\"reply_to\":\"\",\"tweet_text\":\"%20Das%20Max-Weber-Berufskolleg%20stellt%20eigenes%20eTwinning-Projekt%20%E2%80%9E%20%C2%A1As%C3%AD%20vivo%20...\",\"status\":\"on\",\"txt_info\":\"2 Klicks f\\u00fcr mehr Datenschutz: Erst wenn Sie hier klicken, wird der Button aktiv und Sie k\\u00f6nnen Ihre Empfehlung an Twitter senden. Schon beim Aktivieren werden Daten an Dritte \\u00fcbertragen - siehe <em>i<\\\/em>.\",\"perma_option\":\"off\",\"language\":\"de\",\"referrer_track\":\"\"}},\"txt_help\":\"Wenn Sie diese Felder durch einen Klick aktivieren, werden Informationen an Facebook, Twitter, Flattr, Xing, t3n, LinkedIn, Pinterest oder Google eventuell ins Ausland \\u00fcbertragen und unter Umst\\u00e4nden auch dort gespeichert. N\\u00e4heres erfahren Sie durch einen Klick auf das <em>i<\\\/em>.\",\"settings_perma\":\"Dauerhaft aktivieren und Daten\\u00fcber-tragung zustimmen:\",\"info_link\":\"http:\\\/\\\/www.heise.de\\\/ct\\\/artikel\\\/2-Klicks-fuer-mehr-Datenschutz-1333879.html\",\"uri\":\"https:\\\/\\\/www.max-weber-berufskolleg.de\\\/web\\\/das-mwbk-stellt-eigenes-etwinning-projekt\\\/\",\"post_id\":4486,\"post_title_referrer_track\":\"Das+Max-Weber-Berufskolleg+stellt+eigenes+eTwinning-Projekt+%E2%80%9E+%C2%A1As%C3%AD+vivo+yo%21%E2%80%9C+auf+der+PAD-Fachtagung+2019+vor%3A\",\"display_infobox\":\"on\"});}});\n\/* ]]> *\/<\/script><\/div>","protected":false},"excerpt":{"rendered":"<p>\u201eLernen wie Erasmus &#8211; denn Austausch bildet\u201c. Kurz vor den Europawahlen fand vom 19.05 bis zum21.05.2019 die Fachtagung des PAD mit Schwerpunkt auf dem EU-Programm Erasmus+ statt. \u00a0\u201eErasmus+ Projekte bringen mehr Europa ins Klassenzimmer und sind eine echte europ\u00e4ische Erfolgsgeschichte\u201c, sagte Staatsminister Prof. Dr. R. Alexander Lorz zum Auftakt der diesj\u00e4hrigen Fachtagung des PAD im &#8230;<a class=\"post-readmore\" href=\"https:\/\/www.max-weber-berufskolleg.de\/web\/das-mwbk-stellt-eigenes-etwinning-projekt\/\">read more<\/a><\/p>\n","protected":false},"author":9,"featured_media":4487,"comment_status":"open","ping_status":"open","sticky":false,"template":"","format":"standard","meta":{"jetpack_post_was_ever_published":false,"footnotes":"","_expiration-date-status":"saved","_expiration-date":0,"_expiration-date-type":"","_expiration-date-categories":[],"_expiration-date-options":[]},"categories":[1,70,6,246,214,59],"tags":[39,138,119,146,132,93,311],"class_list":["post-4486","post","type-post","status-publish","format-standard","has-post-thumbnail","hentry","category-allgemein","category-ausbildung","category-europa","category-europaschule","category-sprachen","category-wichtig","tag-aktion","tag-ausbildung","tag-erasmus","tag-eu","tag-europa","tag-franzoesisch","tag-spanisch"],"jetpack_featured_media_url":"https:\/\/i0.wp.com\/www.max-weber-berufskolleg.de\/web\/wp-content\/uploads\/2019\/05\/Spanisch2019-Donder.jpg?fit=466%2C448&ssl=1","jetpack-related-posts":[{"id":3356,"url":"https:\/\/www.max-weber-berufskolleg.de\/web\/neues-lernen-mit-dem-tablet\/","url_meta":{"origin":4486,"position":0},"title":"Neues Lernen mit dem Tablet","date":"12. M\u00e4rz 2018","format":false,"excerpt":"- Wie die Strategische Partnerschaft \u201eChanging Paradigm\u201c Impulse f\u00fcr den Unterricht an einer D\u00fcsseldorfer Berufsschule lieferte- Seit 2009 ist Nick Denis Lehrer f\u00fcr Politik und Wirtschaft am Max-Weber-Berufskolleg in D\u00fcsseldorf. Gemeinsam mit der Kollegin und Projektleiterin Barbara Stieldorf koordinierte der 38-J\u00e4hrige in den Jahren 2014 bis 2016 das Projekt \u201eChanging\u2026","rel":"","context":"In &quot;Allgemein&quot;","img":{"alt_text":"","src":"https:\/\/i0.wp.com\/www.max-weber-berufskolleg.de\/web\/wp-content\/uploads\/2018\/03\/Neues-Lernen-2018.png?fit=1200%2C700&ssl=1&resize=350%2C200","width":350,"height":200},"classes":[]},{"id":3909,"url":"https:\/\/www.max-weber-berufskolleg.de\/web\/b-smart4europe-smartes-und-digitales-lernen-in-oesterreich\/","url_meta":{"origin":4486,"position":1},"title":"B.Smart4Europe: Smartes und digitales Lernen in \u00d6sterreich","date":"19. November 2018","format":false,"excerpt":"#bsmart4europe #erasmus Vom 19. bis zum 24. November 2018 werden vier Sch\u00fclerinnen und Sch\u00fcler der H\u00f6heren Handelsschule des Max-Weber-Berufskollegs gemeinsam mit Jugendlichen aus Belgien, Finnland, Italien und \u00d6sterreich an digitalen Aufgaben zur F\u00f6rderung der Lesekompetenz an unserer Partnerschule in Hartberg (\u00d6sterreich) arbeiten. Seit 2016 ist das Max-Weber-Berufskolleg als Koordinator des\u2026","rel":"","context":"In &quot;Allgemein&quot;","img":{"alt_text":"","src":"https:\/\/i0.wp.com\/www.max-weber-berufskolleg.de\/web\/wp-content\/uploads\/2018\/11\/besmart2018.jpg?fit=660%2C353&ssl=1&resize=350%2C200","width":350,"height":200},"classes":[]},{"id":3835,"url":"https:\/\/www.max-weber-berufskolleg.de\/web\/erasmus-days-am-max-weber-berufskolleg\/","url_meta":{"origin":4486,"position":2},"title":"ERASMUS+ Days am Max-Weber-Berufskolleg","date":"11. Oktober 2018","format":false,"excerpt":"Europaweit finden am 12. und 13. Oktober 2018 die diesj\u00e4hrigen ERASMUS+Days statt. Auch das Max-Weber-Berufskolleg feiert an diesen Tagen das EU-Projekt ERASMUS+. Seit vielen Jahren werden am Max-Weber-Berufskolleg erfolgreich ERASMUS+Projekte umgesetzt. Aktuell koordiniert das Max-Weber-Berufskolleg folgende Projekte: Europe 4.0:\u00a0Auslandspraktika f\u00fcr Sch\u00fclerinnen und Sch\u00fcler. (Mit Link zum Projektblog) B.Smart4Europe:\u00a0Unterrichtsentwicklung mit dem\u2026","rel":"","context":"In &quot;Allgemein&quot;","img":{"alt_text":"","src":"","width":0,"height":0},"classes":[]},{"id":4323,"url":"https:\/\/www.max-weber-berufskolleg.de\/web\/europa-am-max-weber-berufskolleg-2019\/","url_meta":{"origin":4486,"position":3},"title":"Europa am Max-Weber-Berufskolleg 2019","date":"25. M\u00e4rz 2019","format":false,"excerpt":"Europa am Max-Weber-Berufskolleg hat eine lange und erfolgreiche Tradition. Nicht nur dass das Max-Weber-Berufskolleg eine der wenigen Europaschulen in D\u00fcsseldorf ist, sondern ein innovativer und sch\u00fclernaher Europaunterricht z\u00e4hlt zu den besonderen Kennzeichnen das Max-Weber-Berufskollegs. Europe 4.0 - ERASMUS: Jedes Jahr sammeln zahlreiche Berufssch\u00fcler*innen f\u00fcr mindestens 2 bis maximal 6 Wochen\u2026","rel":"","context":"In &quot;Allgemein&quot;","img":{"alt_text":"","src":"https:\/\/i0.wp.com\/www.max-weber-berufskolleg.de\/web\/wp-content\/uploads\/2019\/03\/Eurotag2019.jpg?fit=1200%2C1200&ssl=1&resize=350%2C200","width":350,"height":200},"classes":[]},{"id":3818,"url":"https:\/\/www.max-weber-berufskolleg.de\/web\/ima-fortsetzung-einer-erfolgreichen-kooperation\/","url_meta":{"origin":4486,"position":4},"title":"Internationales Marketing\/Au\u00dfenhandel (IMA) &#8211; Fortsetzung einer erfolgreichen Kooperation","date":"4. Oktober 2018","format":false,"excerpt":"Seit dem Schuljahr 2018\/2019 setzt das Max-Weber-Berufskolleg seine erfolgreiche ERASMUS+ Kooperation mit dem Berufskolleg Niederberg und dem Leo-Statz-Berufskolleg fort.\u00a0Das Max-Weber-Berufskolleg koordiniert und managet die Auslandspraktika von den Berufssch\u00fclerinnen\/-sch\u00fclern aller drei Berufskollegs. Das Auslandspraktikum ist ein wichtiger Bestandteil der Zusatzqualifikation \u201eInternationales Marketing\/Au\u00dfenhandel\u201c, hier geht es zu unserer IMA-Seite und hier stellen\u2026","rel":"","context":"In &quot;Allgemein&quot;","img":{"alt_text":"","src":"","width":0,"height":0},"classes":[]},{"id":5801,"url":"https:\/\/www.max-weber-berufskolleg.de\/web\/erasmus-days-das-max-weber-berufskolleg-reist-digital-durch-europa\/","url_meta":{"origin":4486,"position":5},"title":"ERASMUS Days: Das Max-Weber-Berufskolleg reist digital durch Europa","date":"8. Oktober 2020","format":false,"excerpt":"Die COVID-Pandemie stoppte das Max-Weber-Berufskolleg in seinen internationalen und europ\u00e4ischen Aktivit\u00e4ten nur kurzfristig. Dieses Jahr reisen digital zu unseren ERASMUS-Partnern, zu den Traumpraktikumszielen unserer Sch\u00fclerinnen und zu den digitalen Unterrichtsprojekten, an denen wir aktuell arbeiten. Wenn Sie mitreisen m\u00f6chten, mit uns digitale Reise- und Projektarbeit teilen m\u00f6chten oder mehr \u00fcber\u2026","rel":"","context":"In &quot;Allgemein&quot;","img":{"alt_text":"","src":"https:\/\/i0.wp.com\/www.max-weber-berufskolleg.de\/web\/wp-content\/uploads\/2020\/10\/Collect-moments-not-things-2.jpg?fit=1080%2C1080&ssl=1&resize=350%2C200","width":350,"height":200},"classes":[]}],"jetpack_sharing_enabled":true,"_links":{"self":[{"href":"https:\/\/www.max-weber-berufskolleg.de\/web\/wp-json\/wp\/v2\/posts\/4486","targetHints":{"allow":["GET"]}}],"collection":[{"href":"https:\/\/www.max-weber-berufskolleg.de\/web\/wp-json\/wp\/v2\/posts"}],"about":[{"href":"https:\/\/www.max-weber-berufskolleg.de\/web\/wp-json\/wp\/v2\/types\/post"}],"author":[{"embeddable":true,"href":"https:\/\/www.max-weber-berufskolleg.de\/web\/wp-json\/wp\/v2\/users\/9"}],"replies":[{"embeddable":true,"href":"https:\/\/www.max-weber-berufskolleg.de\/web\/wp-json\/wp\/v2\/comments?post=4486"}],"version-history":[{"count":1,"href":"https:\/\/www.max-weber-berufskolleg.de\/web\/wp-json\/wp\/v2\/posts\/4486\/revisions"}],"predecessor-version":[{"id":4488,"href":"https:\/\/www.max-weber-berufskolleg.de\/web\/wp-json\/wp\/v2\/posts\/4486\/revisions\/4488"}],"wp:featuredmedia":[{"embeddable":true,"href":"https:\/\/www.max-weber-berufskolleg.de\/web\/wp-json\/wp\/v2\/media\/4487"}],"wp:attachment":[{"href":"https:\/\/www.max-weber-berufskolleg.de\/web\/wp-json\/wp\/v2\/media?parent=4486"}],"wp:term":[{"taxonomy":"category","embeddable":true,"href":"https:\/\/www.max-weber-berufskolleg.de\/web\/wp-json\/wp\/v2\/categories?post=4486"},{"taxonomy":"post_tag","embeddable":true,"href":"https:\/\/www.max-weber-berufskolleg.de\/web\/wp-json\/wp\/v2\/tags?post=4486"}],"curies":[{"name":"wp","href":"https:\/\/api.w.org\/{rel}","templated":true}]}}