{"id":4849,"date":"2019-11-26T18:05:42","date_gmt":"2019-11-26T17:05:42","guid":{"rendered":"http:\/\/www.max-weber-berufskolleg.de\/web\/?p=4849"},"modified":"2019-11-26T18:05:42","modified_gmt":"2019-11-26T17:05:42","slug":"das-max-weber-berufskolleg-pionier-im-digitalen-unterricht","status":"publish","type":"post","link":"https:\/\/www.max-weber-berufskolleg.de\/web\/das-max-weber-berufskolleg-pionier-im-digitalen-unterricht\/","title":{"rendered":"Das Max-Weber-Berufskolleg: Pionier im digitalen Unterricht"},"content":{"rendered":"<p>Seit 2012 geh\u00f6ren iPads und smarter Unterricht zur medialen und didaktischen Grundausstattung am Max-Weber-Berufskolleg. Innovativer, sch\u00fcler- und arbeitsnaher Unterricht mit Hilfe digitaler Unterrichtskonzepte z\u00e4hlen zu den S\u00e4ulen unseres Schul- und Unterrichtsprogramms.<\/p>\n<p>In der Schnelllebigkeit des digitalen Transformationsprozesses ist eine kontinuierliche Unterrichtsentwicklung f\u00fcr das Max-Weber-Berufskolleg von gro\u00dfer Bedeutung. Am 28. November 2019 werden sich die Lehrerinnen und Lehrer in digitalen Unterrichtswerkst\u00e4tten systematisch mit Unterst\u00fctzung von Digitalexperten der Pacemakerinitiative mit den Herausforderungen eines zukunftsorientierten sowie smarten Unterrichts auseinandersetzen.<\/p>\n<p>#MWBK #SmarterUnterricht #DigitalerUnterricht #Unterrichtswerkstatt #Pacemaker<\/p>\n<p><img loading=\"lazy\" decoding=\"async\" data-attachment-id=\"4848\" data-permalink=\"https:\/\/www.max-weber-berufskolleg.de\/web\/das-max-weber-berufskolleg-pionier-im-digitalen-unterricht\/pacemakermwbk\/\" data-orig-file=\"https:\/\/i0.wp.com\/www.max-weber-berufskolleg.de\/web\/wp-content\/uploads\/2019\/11\/Pacemakermwbk.png?fit=1890%2C1512&amp;ssl=1\" data-orig-size=\"1890,1512\" data-comments-opened=\"1\" data-image-meta=\"{&quot;aperture&quot;:&quot;0&quot;,&quot;credit&quot;:&quot;&quot;,&quot;camera&quot;:&quot;&quot;,&quot;caption&quot;:&quot;&quot;,&quot;created_timestamp&quot;:&quot;0&quot;,&quot;copyright&quot;:&quot;&quot;,&quot;focal_length&quot;:&quot;0&quot;,&quot;iso&quot;:&quot;0&quot;,&quot;shutter_speed&quot;:&quot;0&quot;,&quot;title&quot;:&quot;&quot;,&quot;orientation&quot;:&quot;0&quot;}\" data-image-title=\"Pacemakermwbk\" data-image-description=\"\" data-image-caption=\"\" data-medium-file=\"https:\/\/i0.wp.com\/www.max-weber-berufskolleg.de\/web\/wp-content\/uploads\/2019\/11\/Pacemakermwbk.png?fit=300%2C240&amp;ssl=1\" data-large-file=\"https:\/\/i0.wp.com\/www.max-weber-berufskolleg.de\/web\/wp-content\/uploads\/2019\/11\/Pacemakermwbk.png?fit=1024%2C819&amp;ssl=1\" class=\"aligncenter size-medium wp-image-4848\" src=\"https:\/\/i0.wp.com\/www.max-weber-berufskolleg.de\/web\/wp-content\/uploads\/2019\/11\/Pacemakermwbk.png?resize=300%2C240&#038;ssl=1\" alt=\"\" width=\"300\" height=\"240\" srcset=\"https:\/\/i0.wp.com\/www.max-weber-berufskolleg.de\/web\/wp-content\/uploads\/2019\/11\/Pacemakermwbk.png?resize=300%2C240&amp;ssl=1 300w, https:\/\/i0.wp.com\/www.max-weber-berufskolleg.de\/web\/wp-content\/uploads\/2019\/11\/Pacemakermwbk.png?resize=1024%2C819&amp;ssl=1 1024w, https:\/\/i0.wp.com\/www.max-weber-berufskolleg.de\/web\/wp-content\/uploads\/2019\/11\/Pacemakermwbk.png?resize=768%2C614&amp;ssl=1 768w, https:\/\/i0.wp.com\/www.max-weber-berufskolleg.de\/web\/wp-content\/uploads\/2019\/11\/Pacemakermwbk.png?resize=1536%2C1229&amp;ssl=1 1536w, https:\/\/i0.wp.com\/www.max-weber-berufskolleg.de\/web\/wp-content\/uploads\/2019\/11\/Pacemakermwbk.png?w=1890&amp;ssl=1 1890w\" sizes=\"auto, (max-width: 300px) 100vw, 300px\" data-recalc-dims=\"1\" \/><\/p>\n<p>Barbara Stieldorf<\/p>\n<div class=\"twoclick_social_bookmarks_post_4849 social_share_privacy clearfix 1.6.4 locale-de_DE sprite-de_DE\"><\/div><div class=\"twoclick-js\"><script type=\"text\/javascript\">\/* <![CDATA[ *\/\njQuery(document).ready(function($){if($('.twoclick_social_bookmarks_post_4849')){$('.twoclick_social_bookmarks_post_4849').socialSharePrivacy({\"services\":{\"facebook\":{\"status\":\"on\",\"txt_info\":\"2 Klicks f\\u00fcr mehr Datenschutz: Erst wenn Sie hier klicken, wird der Button aktiv und Sie k\\u00f6nnen Ihre Empfehlung an Facebook senden. Schon beim Aktivieren werden Daten an Dritte \\u00fcbertragen - siehe <em>i<\\\/em>.\",\"perma_option\":\"off\",\"action\":\"recommend\",\"language\":\"de_DE\"},\"twitter\":{\"reply_to\":\"\",\"tweet_text\":\"%20Das%20Max-Weber-Berufskolleg%3A%20Pionier%20im%20digitalen%20Unterricht%20%C2%BB%20MWBK%20D%C3%BCsseldorf%20...\",\"status\":\"on\",\"txt_info\":\"2 Klicks f\\u00fcr mehr Datenschutz: Erst wenn Sie hier klicken, wird der Button aktiv und Sie k\\u00f6nnen Ihre Empfehlung an Twitter senden. Schon beim Aktivieren werden Daten an Dritte \\u00fcbertragen - siehe <em>i<\\\/em>.\",\"perma_option\":\"off\",\"language\":\"de\",\"referrer_track\":\"\"}},\"txt_help\":\"Wenn Sie diese Felder durch einen Klick aktivieren, werden Informationen an Facebook, Twitter, Flattr, Xing, t3n, LinkedIn, Pinterest oder Google eventuell ins Ausland \\u00fcbertragen und unter Umst\\u00e4nden auch dort gespeichert. N\\u00e4heres erfahren Sie durch einen Klick auf das <em>i<\\\/em>.\",\"settings_perma\":\"Dauerhaft aktivieren und Daten\\u00fcber-tragung zustimmen:\",\"info_link\":\"http:\\\/\\\/www.heise.de\\\/ct\\\/artikel\\\/2-Klicks-fuer-mehr-Datenschutz-1333879.html\",\"uri\":\"https:\\\/\\\/www.max-weber-berufskolleg.de\\\/web\\\/das-max-weber-berufskolleg-pionier-im-digitalen-unterricht\\\/\",\"post_id\":4849,\"post_title_referrer_track\":\"Das+Max-Weber-Berufskolleg%3A+Pionier+im+digitalen+Unterricht\",\"display_infobox\":\"on\"});}});\n\/* ]]> *\/<\/script><\/div>","protected":false},"excerpt":{"rendered":"<p>Seit 2012 geh\u00f6ren iPads und smarter Unterricht zur medialen und didaktischen Grundausstattung am Max-Weber-Berufskolleg. Innovativer, sch\u00fcler- und arbeitsnaher Unterricht mit Hilfe digitaler Unterrichtskonzepte z\u00e4hlen zu den S\u00e4ulen unseres Schul- und Unterrichtsprogramms. In der Schnelllebigkeit des digitalen Transformationsprozesses ist eine kontinuierliche Unterrichtsentwicklung f\u00fcr das Max-Weber-Berufskolleg von gro\u00dfer Bedeutung. Am 28. November 2019 werden sich die Lehrerinnen &#8230;<a class=\"post-readmore\" href=\"https:\/\/www.max-weber-berufskolleg.de\/web\/das-max-weber-berufskolleg-pionier-im-digitalen-unterricht\/\">read more<\/a><\/p>\n","protected":false},"author":9,"featured_media":4848,"comment_status":"open","ping_status":"open","sticky":false,"template":"","format":"standard","meta":{"jetpack_post_was_ever_published":false,"footnotes":"","_expiration-date-status":"saved","_expiration-date":0,"_expiration-date-type":"","_expiration-date-categories":[],"_expiration-date-options":[]},"categories":[1,70,57,277,299,12,300,270,3,59],"tags":[39,138,111,96],"class_list":["post-4849","post","type-post","status-publish","format-standard","has-post-thumbnail","hentry","category-allgemein","category-ausbildung","category-berufsschule","category-digitalisierung","category-fortbildung","category-hoehere-handelsschule","category-schulprogramm","category-tabletlearning","category-veranstaltungen","category-wichtig","tag-aktion","tag-ausbildung","tag-duesseldorf","tag-tabletlearning"],"jetpack_featured_media_url":"https:\/\/i0.wp.com\/www.max-weber-berufskolleg.de\/web\/wp-content\/uploads\/2019\/11\/Pacemakermwbk.png?fit=1890%2C1512&ssl=1","jetpack-related-posts":[{"id":4406,"url":"https:\/\/www.max-weber-berufskolleg.de\/web\/b-smart4europe-digitale-lesereise\/","url_meta":{"origin":4849,"position":0},"title":"B.Smart4Europe &#8211; Kommt mit auf eine digitale Lesereise!","date":"5. Mai 2019","format":false,"excerpt":"Vom 6. bis zum 10. Mai 2019 findet das letzte Projekttreffen von B.Smart4Europe in Senigallia (Italien) statt. Drei Jugendliche der H\u00f6heren Handelsschule des Max-Weber-Berufskollegs werden sich gemeinsam mit Sch\u00fcler*innen aus Italien, Finnland, \u00d6sterreich und Belgien intensiv mit dem Jugendbuch \u201eIn the sea there are crocodiles\u201c auseinander setzen. Ziele des B.Smart4Europe-Projekts\u2026","rel":"","context":"In &quot;Allgemein&quot;","img":{"alt_text":"","src":"https:\/\/i0.wp.com\/www.max-weber-berufskolleg.de\/web\/wp-content\/uploads\/2019\/05\/besmart4-2019.jpg?fit=446%2C640&ssl=1&resize=350%2C200","width":350,"height":200},"classes":[]},{"id":3664,"url":"https:\/\/www.max-weber-berufskolleg.de\/web\/2018robis-world\/","url_meta":{"origin":4849,"position":1},"title":"Digitalisierung am Max-Weber-Berufskolleg: Robi\u2019s world","date":"3. Juli 2018","format":false,"excerpt":"Am 2. Juli 2018 haben sechs kleine Roboter das Schulgeb\u00e4ude und den Unterricht am Max-Weber-Berufskolleg erobert. Im Rahmen der Projektwoche \u201eFit for life\u201c haben 13 Sch\u00fclerinnen und Sch\u00fcler der H\u00f6heren Handelsschule auf spielerisch leichte Art und Weise Grundlagen des einfachen Programmierens gelernt, sodass den kleinen Robotern f\u00fcr einen ganzen Schultag\u2026","rel":"","context":"In &quot;Allgemein&quot;","img":{"alt_text":"","src":"","width":0,"height":0},"classes":[]},{"id":4389,"url":"https:\/\/www.max-weber-berufskolleg.de\/web\/bueromanager-beraten-hoehere\/","url_meta":{"origin":4849,"position":2},"title":"Mehrwert am MWBK \u2013 B\u00fcromanager beraten H\u00f6here Handelssch\u00fcler bei Fragen rund um den Ausbildungsplatz","date":"28. April 2019","format":false,"excerpt":"Warum nicht zwei Fliegen mit einer Klappe schlagen? Das erste Lernfeld im Bildungsgang B\u00fcromanagement sieht die Erkundung des eigenen Ausbildungsbetriebes vor. Die Sch\u00fclerinnen und Sch\u00fcler der \u201edigitalen Klasse\u201c B8216 \u2013 hier wird der Unterricht in weiten Teilen mit Unterst\u00fctzung von Ipads realisiert - \u00f6ffneten daher ihr Klassenzimmer f\u00fcr die Oberstufe\u2026","rel":"","context":"In &quot;Allgemein&quot;","img":{"alt_text":"","src":"https:\/\/i0.wp.com\/www.max-weber-berufskolleg.de\/web\/wp-content\/uploads\/2018\/03\/IMG-20180304-WA0027.jpg?fit=900%2C1200&ssl=1&resize=350%2C200","width":350,"height":200},"classes":[]},{"id":5033,"url":"https:\/\/www.max-weber-berufskolleg.de\/web\/schueler-werden-digitalexperten\/","url_meta":{"origin":4849,"position":3},"title":"Sch\u00fcler werden Digitalexperten!","date":"3. Februar 2020","format":false,"excerpt":"Lehrer lehren die Sch\u00fcler - das ist nichts Neues.\u00a0Aber in der digitalen Zeit kann es auch Mal\u00a0andersherum sein. Nicht selten k\u00f6nnen die LehrerInnen etwas von ihren Sch\u00fclerInnen lernen. Die Klasse B8216 ist eine digitale Klasse und\u00a0arbeitet sehr oft im Unterricht mit iPads und MacBooks. Pr\u00e4sentationen in Form eines vertonten Films,\u2026","rel":"","context":"In &quot;Allgemein&quot;","img":{"alt_text":"","src":"https:\/\/i0.wp.com\/www.max-weber-berufskolleg.de\/web\/wp-content\/uploads\/2020\/02\/mwbkdidital.jpg?fit=1200%2C1200&ssl=1&resize=350%2C200","width":350,"height":200},"classes":[]},{"id":5706,"url":"https:\/\/www.max-weber-berufskolleg.de\/web\/digitale-klasse-in-der-hoeheren-handelsschule\/","url_meta":{"origin":4849,"position":4},"title":"Digitale Klasse in der H\u00f6heren Handelsschule","date":"21. August 2020","format":false,"excerpt":"Heute ist es soweit: \u201eWir erhalten endlich unser iPad!\u201c Eine ganze Klasse kann es nicht erwarten, dass der digitale Unterricht unter guten Bedingungen beginnt. Nicht nur, dass jede\/r Sch\u00fcler\/in von der Schule f\u00fcr den Unterricht, die Hausaufgaben und zum Lernen ein pers\u00f6nliches iPad erh\u00e4lt \u2013 im Neubau des Max-Weber-Berufskollegs wird\u2026","rel":"","context":"In &quot;Allgemein&quot;","img":{"alt_text":"","src":"https:\/\/i0.wp.com\/www.max-weber-berufskolleg.de\/web\/wp-content\/uploads\/2020\/08\/Haeha2020digital.png?fit=1200%2C1200&ssl=1&resize=350%2C200","width":350,"height":200},"classes":[]},{"id":3356,"url":"https:\/\/www.max-weber-berufskolleg.de\/web\/neues-lernen-mit-dem-tablet\/","url_meta":{"origin":4849,"position":5},"title":"Neues Lernen mit dem Tablet","date":"12. M\u00e4rz 2018","format":false,"excerpt":"- Wie die Strategische Partnerschaft \u201eChanging Paradigm\u201c Impulse f\u00fcr den Unterricht an einer D\u00fcsseldorfer Berufsschule lieferte- Seit 2009 ist Nick Denis Lehrer f\u00fcr Politik und Wirtschaft am Max-Weber-Berufskolleg in D\u00fcsseldorf. Gemeinsam mit der Kollegin und Projektleiterin Barbara Stieldorf koordinierte der 38-J\u00e4hrige in den Jahren 2014 bis 2016 das Projekt \u201eChanging\u2026","rel":"","context":"In &quot;Allgemein&quot;","img":{"alt_text":"","src":"https:\/\/i0.wp.com\/www.max-weber-berufskolleg.de\/web\/wp-content\/uploads\/2018\/03\/Neues-Lernen-2018.png?fit=1200%2C700&ssl=1&resize=350%2C200","width":350,"height":200},"classes":[]}],"jetpack_sharing_enabled":true,"_links":{"self":[{"href":"https:\/\/www.max-weber-berufskolleg.de\/web\/wp-json\/wp\/v2\/posts\/4849","targetHints":{"allow":["GET"]}}],"collection":[{"href":"https:\/\/www.max-weber-berufskolleg.de\/web\/wp-json\/wp\/v2\/posts"}],"about":[{"href":"https:\/\/www.max-weber-berufskolleg.de\/web\/wp-json\/wp\/v2\/types\/post"}],"author":[{"embeddable":true,"href":"https:\/\/www.max-weber-berufskolleg.de\/web\/wp-json\/wp\/v2\/users\/9"}],"replies":[{"embeddable":true,"href":"https:\/\/www.max-weber-berufskolleg.de\/web\/wp-json\/wp\/v2\/comments?post=4849"}],"version-history":[{"count":1,"href":"https:\/\/www.max-weber-berufskolleg.de\/web\/wp-json\/wp\/v2\/posts\/4849\/revisions"}],"predecessor-version":[{"id":4850,"href":"https:\/\/www.max-weber-berufskolleg.de\/web\/wp-json\/wp\/v2\/posts\/4849\/revisions\/4850"}],"wp:featuredmedia":[{"embeddable":true,"href":"https:\/\/www.max-weber-berufskolleg.de\/web\/wp-json\/wp\/v2\/media\/4848"}],"wp:attachment":[{"href":"https:\/\/www.max-weber-berufskolleg.de\/web\/wp-json\/wp\/v2\/media?parent=4849"}],"wp:term":[{"taxonomy":"category","embeddable":true,"href":"https:\/\/www.max-weber-berufskolleg.de\/web\/wp-json\/wp\/v2\/categories?post=4849"},{"taxonomy":"post_tag","embeddable":true,"href":"https:\/\/www.max-weber-berufskolleg.de\/web\/wp-json\/wp\/v2\/tags?post=4849"}],"curies":[{"name":"wp","href":"https:\/\/api.w.org\/{rel}","templated":true}]}}