{"id":5383,"date":"2020-04-23T20:50:50","date_gmt":"2020-04-23T18:50:50","guid":{"rendered":"https:\/\/www.max-weber-berufskolleg.de\/web\/?p=5383"},"modified":"2020-04-23T20:50:50","modified_gmt":"2020-04-23T18:50:50","slug":"erster-schultag-nach-corona-schliessung-das-mwbk-ist-wieder-geoeffnet","status":"publish","type":"post","link":"https:\/\/www.max-weber-berufskolleg.de\/web\/erster-schultag-nach-corona-schliessung-das-mwbk-ist-wieder-geoeffnet\/","title":{"rendered":"Erster Schultag nach Corona-Schlie\u00dfung &#8211; Das MWBK ist wieder ge\u00f6ffnet!"},"content":{"rendered":"<p style=\"text-align: justify;\">Heute kamen die Sch\u00fclerinnen und Sch\u00fcler der Fachoberschulen und der H\u00f6heren Handelsschulen sowie der einige Klassen der Berufsschule nach fast 6 Wochen wieder in die Schule.\u00a0 Die Sch\u00fclerschaft war fast vollst\u00e4ndig und hielt sich \u2013 bis auf ganz wenige Ausnahmen \u2013 an die neuen Abstandsregeln. Das Geb\u00e4ude und die Lehrer*innen waren gut vorbereitet. Sogar das B\u00fcdchen hatte \u2013 bei Wahrung der Corona-Regeln \u2013 wieder offen. So kann es weitergehen. Morgen kommen die n\u00e4chsten Berufsschulklassen nach dem Stundenplan auf dsb-mobile dazu.<\/p>\n<p><img loading=\"lazy\" decoding=\"async\" data-attachment-id=\"5381\" data-permalink=\"https:\/\/www.max-weber-berufskolleg.de\/web\/erster-schultag-nach-corona-schliessung-das-mwbk-ist-wieder-geoeffnet\/danke\/\" data-orig-file=\"https:\/\/i0.wp.com\/www.max-weber-berufskolleg.de\/web\/wp-content\/uploads\/2020\/04\/Danke.gif?fit=600%2C500&amp;ssl=1\" data-orig-size=\"600,500\" data-comments-opened=\"1\" data-image-meta=\"{&quot;aperture&quot;:&quot;0&quot;,&quot;credit&quot;:&quot;&quot;,&quot;camera&quot;:&quot;&quot;,&quot;caption&quot;:&quot;&quot;,&quot;created_timestamp&quot;:&quot;0&quot;,&quot;copyright&quot;:&quot;&quot;,&quot;focal_length&quot;:&quot;0&quot;,&quot;iso&quot;:&quot;0&quot;,&quot;shutter_speed&quot;:&quot;0&quot;,&quot;title&quot;:&quot;&quot;,&quot;orientation&quot;:&quot;0&quot;}\" data-image-title=\"Danke\" data-image-description=\"\" data-image-caption=\"\" data-medium-file=\"https:\/\/i0.wp.com\/www.max-weber-berufskolleg.de\/web\/wp-content\/uploads\/2020\/04\/Danke.gif?fit=300%2C250&amp;ssl=1\" data-large-file=\"https:\/\/i0.wp.com\/www.max-weber-berufskolleg.de\/web\/wp-content\/uploads\/2020\/04\/Danke.gif?fit=600%2C500&amp;ssl=1\" class=\"aligncenter size-full wp-image-5381\" src=\"https:\/\/i0.wp.com\/www.max-weber-berufskolleg.de\/web\/wp-content\/uploads\/2020\/04\/Danke.gif?resize=600%2C500&#038;ssl=1\" alt=\"\" width=\"600\" height=\"500\" data-recalc-dims=\"1\" \/><\/p>\n<p>Sabine von Zedlitz<\/p>\n<div class=\"twoclick_social_bookmarks_post_5383 social_share_privacy clearfix 1.6.4 locale-de_DE sprite-de_DE\"><\/div><div class=\"twoclick-js\"><script type=\"text\/javascript\">\/* <![CDATA[ *\/\njQuery(document).ready(function($){if($('.twoclick_social_bookmarks_post_5383')){$('.twoclick_social_bookmarks_post_5383').socialSharePrivacy({\"services\":{\"facebook\":{\"status\":\"on\",\"txt_info\":\"2 Klicks f\\u00fcr mehr Datenschutz: Erst wenn Sie hier klicken, wird der Button aktiv und Sie k\\u00f6nnen Ihre Empfehlung an Facebook senden. Schon beim Aktivieren werden Daten an Dritte \\u00fcbertragen - siehe <em>i<\\\/em>.\",\"perma_option\":\"off\",\"action\":\"recommend\",\"language\":\"de_DE\"},\"twitter\":{\"reply_to\":\"\",\"tweet_text\":\"%20Erster%20Schultag%20nach%20Corona-Schlie%C3%9Fung%20%E2%80%93%20Das%20MWBK%20ist%20wieder%20ge%C3%B6ffnet%21%20...\",\"status\":\"on\",\"txt_info\":\"2 Klicks f\\u00fcr mehr Datenschutz: Erst wenn Sie hier klicken, wird der Button aktiv und Sie k\\u00f6nnen Ihre Empfehlung an Twitter senden. Schon beim Aktivieren werden Daten an Dritte \\u00fcbertragen - siehe <em>i<\\\/em>.\",\"perma_option\":\"off\",\"language\":\"de\",\"referrer_track\":\"\"}},\"txt_help\":\"Wenn Sie diese Felder durch einen Klick aktivieren, werden Informationen an Facebook, Twitter, Flattr, Xing, t3n, LinkedIn, Pinterest oder Google eventuell ins Ausland \\u00fcbertragen und unter Umst\\u00e4nden auch dort gespeichert. N\\u00e4heres erfahren Sie durch einen Klick auf das <em>i<\\\/em>.\",\"settings_perma\":\"Dauerhaft aktivieren und Daten\\u00fcber-tragung zustimmen:\",\"info_link\":\"http:\\\/\\\/www.heise.de\\\/ct\\\/artikel\\\/2-Klicks-fuer-mehr-Datenschutz-1333879.html\",\"uri\":\"https:\\\/\\\/www.max-weber-berufskolleg.de\\\/web\\\/erster-schultag-nach-corona-schliessung-das-mwbk-ist-wieder-geoeffnet\\\/\",\"post_id\":5383,\"post_title_referrer_track\":\"Erster+Schultag+nach+Corona-Schlie%C3%9Fung+%26%238211%3B+Das+MWBK+ist+wieder+ge%C3%B6ffnet%21\",\"display_infobox\":\"on\"});}});\n\/* ]]> *\/<\/script><\/div>","protected":false},"excerpt":{"rendered":"<p>Heute kamen die Sch\u00fclerinnen und Sch\u00fcler der Fachoberschulen und der H\u00f6heren Handelsschulen sowie der einige Klassen der Berufsschule nach fast 6 Wochen wieder in die Schule.\u00a0 Die Sch\u00fclerschaft war fast vollst\u00e4ndig und hielt sich \u2013 bis auf ganz wenige Ausnahmen \u2013 an die neuen Abstandsregeln. Das Geb\u00e4ude und die Lehrer*innen waren gut vorbereitet. Sogar das &#8230;<a class=\"post-readmore\" href=\"https:\/\/www.max-weber-berufskolleg.de\/web\/erster-schultag-nach-corona-schliessung-das-mwbk-ist-wieder-geoeffnet\/\">read more<\/a><\/p>\n","protected":false},"author":9,"featured_media":5382,"comment_status":"open","ping_status":"open","sticky":false,"template":"","format":"standard","meta":{"jetpack_post_was_ever_published":false,"footnotes":"","_expiration-date-status":"saved","_expiration-date":0,"_expiration-date-type":"","_expiration-date-categories":[],"_expiration-date-options":[]},"categories":[1,70,57,302,12,15,59],"tags":[39,138,111,14,134,329,21],"class_list":["post-5383","post","type-post","status-publish","format-standard","has-post-thumbnail","hentry","category-allgemein","category-ausbildung","category-berufsschule","category-fachoberschule","category-hoehere-handelsschule","category-termin","category-wichtig","tag-aktion","tag-ausbildung","tag-duesseldorf","tag-fos-1112","tag-hoehere-handelsschule","tag-normal","tag-schueler"],"jetpack_featured_media_url":"https:\/\/i0.wp.com\/www.max-weber-berufskolleg.de\/web\/wp-content\/uploads\/2020\/04\/Schulewiederoffen.jpg?fit=1600%2C1200&ssl=1","jetpack-related-posts":[{"id":5828,"url":"https:\/\/www.max-weber-berufskolleg.de\/web\/21-10-2020-aktuelle-informationen-ergaenzung-zum-unterrichtsbeginn-nach-den-herbstferien\/","url_meta":{"origin":5383,"position":0},"title":"21.10.2020 Aktuelle Informationen &#8211; Erg\u00e4nzung &#8211; zum Unterrichtsbeginn nach den Herbstferien","date":"21. Oktober 2020","format":false,"excerpt":"Das Max-Weber-Berufskolleg wird seinen angepassten Schulbetrieb in Corona-Zeiten mit Unterricht m\u00f6glichst nach Stundentafel nach den Herbstferien unver\u00e4ndert fortsetzen. Ein solcher Unterrichtsbetrieb mit einem regelm\u00e4\u00dfigen und geordneten Tagesablauf, mit dem Aufbau von Lernstrategien, der Vermittlung von Kenntnissen, F\u00e4higkeiten und Fertigkeiten sowie der wichtigen F\u00f6rderung von sozialer Kompetenz hat f\u00fcr uns alle\u2026","rel":"","context":"In &quot;Allgemein&quot;","img":{"alt_text":"","src":"https:\/\/i0.wp.com\/www.max-weber-berufskolleg.de\/web\/wp-content\/uploads\/2020\/10\/AHA-L-2020.jpg?fit=590%2C366&ssl=1&resize=350%2C200","width":350,"height":200},"classes":[]},{"id":7003,"url":"https:\/\/www.max-weber-berufskolleg.de\/web\/aenderung-der-teststrategie-ab-montag-28-02-2022\/","url_meta":{"origin":5383,"position":1},"title":"\u00c4nderung der Teststrategie ab Montag, 28. Februar 2022","date":"17. Februar 2022","format":false,"excerpt":"Die Landesregierung reagiert mit der heutigen Schulmail auf die positiven Entwicklungen in der Corona-Epedemie und passt die Teststrategie an. Ab Montag, 28. Februar 2022, gilt Folgendes: Die Testpflicht f\u00fcr bereits immunisierte Personen (also geimpfte oder genesene Personen; dazu z\u00e4hlen Sch\u00fclerinnen und Sch\u00fcler, Lehrkr\u00e4fte und weitere an Schule Besch\u00e4ftigte) wird aufgehoben.\u2026","rel":"","context":"In &quot;Allgemein&quot;","img":{"alt_text":"","src":"https:\/\/i0.wp.com\/www.max-weber-berufskolleg.de\/web\/wp-content\/uploads\/2022\/02\/no-mask-no-entry.png?fit=1080%2C1080&ssl=1&resize=350%2C200","width":350,"height":200},"classes":[]},{"id":4925,"url":"https:\/\/www.max-weber-berufskolleg.de\/web\/start-des-patenkonzeptes-auszubildende-beraten-schueler-der-hoeheren-handelsschule\/","url_meta":{"origin":5383,"position":2},"title":"Start des Patenkonzeptes &#8211; Auszubildende beraten Sch\u00fcler der H\u00f6heren Handelsschule","date":"19. Dezember 2019","format":false,"excerpt":"in beruflichen Fragen. Am 06.12.2019 war es endlich soweit. Das zu diesem Schuljahr neu ins Leben gerufene \u201ePatenkonzept\u201c startete mit einem Auftaktworkshop in die erste Runde. Das Patenkonzept ist eine Art Mentoring-Programm. Ziel ist es, die Synergien der an unserer Schule vertretenen Bildungsg\u00e4nge zu nutzen und bildungsgang\u00fcbergreifend zu arbeiten. Im\u2026","rel":"","context":"In &quot;Allgemein&quot;","img":{"alt_text":"","src":"https:\/\/i0.wp.com\/www.max-weber-berufskolleg.de\/web\/wp-content\/uploads\/2019\/12\/Paten2019-1-scaled.jpeg?fit=1200%2C900&ssl=1&resize=350%2C200","width":350,"height":200},"classes":[]},{"id":5403,"url":"https:\/\/www.max-weber-berufskolleg.de\/web\/mit-whatsapp-zur-ausbildung-geht-das\/","url_meta":{"origin":5383,"position":3},"title":"\u201eMit WhatsApp zur Ausbildung\u201c \u2013 Geht das?","date":"27. April 2020","format":false,"excerpt":"Ja! In dieser ungew\u00f6hnlichen Zeit entwickeln sich immer neue Wege, auch digital Kontakte zu potenziellen Ausbildern zu kn\u00fcpfen und beraten zu werden. Um den Ausfall von Ausbildungsmessen zu kompensieren, bietet das Projekt Passgenaue Besetzung der HWK D\u00fcsseldorf Sch\u00fcler*innen der Berufsschule, der H\u00f6heren Handelsschule und den Fachoberschulen 11,12 und 13 die\u2026","rel":"","context":"In &quot;Allgemein&quot;","img":{"alt_text":"","src":"https:\/\/i0.wp.com\/www.max-weber-berufskolleg.de\/web\/wp-content\/uploads\/2020\/04\/hWK-Whattsapp1.jpg?fit=1005%2C518&ssl=1&resize=350%2C200","width":350,"height":200},"classes":[]},{"id":1249,"url":"https:\/\/www.max-weber-berufskolleg.de\/web\/auslandspraktikanten-bloggen\/","url_meta":{"origin":5383,"position":4},"title":"Auslandspraktikanten bloggen","date":"12. April 2015","format":false,"excerpt":"Um die Osterferien herum sind wieder einige Sch\u00fclerinnen und Sch\u00fcler der H\u00f6heren Handelsschule, aber auch Auszubildende zu einem Praktikum ins europ\u00e4ische Ausland aufgebrochen. Als Teil des Eramus+-Projektes Competences for a European Future\u00a0lassen sie uns auch im Rahmen eines Weblogs\u00a0an ihren Erfahrungen vor, w\u00e4hrend und nach dem Praktikum teilhaben. Ein Besuch\u2026","rel":"","context":"In &quot;Ausbildung&quot;","img":{"alt_text":"","src":"https:\/\/i0.wp.com\/www.max-weber-berufskolleg.de\/web\/wp-content\/uploads\/2015\/04\/bild_auslandspraktikanten-bloggen-e1428857448762.jpg?fit=600%2C450&ssl=1&resize=350%2C200","width":350,"height":200},"classes":[]},{"id":6198,"url":"https:\/\/www.max-weber-berufskolleg.de\/web\/wiederaufnahme-des-praesenzunterrichts-ab-dem-22-februar-2021-fuer-abschlussklassen\/","url_meta":{"origin":5383,"position":5},"title":"Wiederaufnahme des Pr\u00e4senzunterrichts ab dem 22. Februar 2021 f\u00fcr Abschlussklassen","date":"16. Februar 2021","format":false,"excerpt":"Sehr geehrte Damen und Herren, nach Beschluss der Landesregierung findet der Unterricht der Klassen, die nicht sp\u00e4testens im Sommer 2021 in die Abschlusspr\u00fcfung gehen, weiterhin \u00fcber die Distanz statt. F\u00fcr die Abschlussklassen haben wir folgende Regelung getroffen: die Steuerfachangestellten-Oberstufen werden im Zeitraum vom 22.02. \u2013 24.02.2021 in Pr\u00e4senz beschult, danach\u2026","rel":"","context":"In &quot;Allgemein&quot;","img":{"alt_text":"","src":"https:\/\/i0.wp.com\/www.max-weber-berufskolleg.de\/web\/wp-content\/uploads\/2021\/02\/zurueck2021.jpg?fit=1200%2C228&ssl=1&resize=350%2C200","width":350,"height":200},"classes":[]}],"jetpack_sharing_enabled":true,"_links":{"self":[{"href":"https:\/\/www.max-weber-berufskolleg.de\/web\/wp-json\/wp\/v2\/posts\/5383","targetHints":{"allow":["GET"]}}],"collection":[{"href":"https:\/\/www.max-weber-berufskolleg.de\/web\/wp-json\/wp\/v2\/posts"}],"about":[{"href":"https:\/\/www.max-weber-berufskolleg.de\/web\/wp-json\/wp\/v2\/types\/post"}],"author":[{"embeddable":true,"href":"https:\/\/www.max-weber-berufskolleg.de\/web\/wp-json\/wp\/v2\/users\/9"}],"replies":[{"embeddable":true,"href":"https:\/\/www.max-weber-berufskolleg.de\/web\/wp-json\/wp\/v2\/comments?post=5383"}],"version-history":[{"count":1,"href":"https:\/\/www.max-weber-berufskolleg.de\/web\/wp-json\/wp\/v2\/posts\/5383\/revisions"}],"predecessor-version":[{"id":5384,"href":"https:\/\/www.max-weber-berufskolleg.de\/web\/wp-json\/wp\/v2\/posts\/5383\/revisions\/5384"}],"wp:featuredmedia":[{"embeddable":true,"href":"https:\/\/www.max-weber-berufskolleg.de\/web\/wp-json\/wp\/v2\/media\/5382"}],"wp:attachment":[{"href":"https:\/\/www.max-weber-berufskolleg.de\/web\/wp-json\/wp\/v2\/media?parent=5383"}],"wp:term":[{"taxonomy":"category","embeddable":true,"href":"https:\/\/www.max-weber-berufskolleg.de\/web\/wp-json\/wp\/v2\/categories?post=5383"},{"taxonomy":"post_tag","embeddable":true,"href":"https:\/\/www.max-weber-berufskolleg.de\/web\/wp-json\/wp\/v2\/tags?post=5383"}],"curies":[{"name":"wp","href":"https:\/\/api.w.org\/{rel}","templated":true}]}}