{"id":6383,"date":"2021-05-06T12:58:37","date_gmt":"2021-05-06T10:58:37","guid":{"rendered":"https:\/\/www.max-weber-berufskolleg.de\/web\/?p=6383"},"modified":"2021-05-06T16:07:12","modified_gmt":"2021-05-06T14:07:12","slug":"stolpersteine-in-duesseldorf-das-mwbk-erinnert","status":"publish","type":"post","link":"https:\/\/www.max-weber-berufskolleg.de\/web\/stolpersteine-in-duesseldorf-das-mwbk-erinnert\/","title":{"rendered":"Stolpersteine in D\u00fcsseldorf &#8211; das #MWBK erinnert!"},"content":{"rendered":"<p>Der Tag der Befreiung ist ein Gedenktag, der an die bedingungslose Kapitulation der Wehrmacht am 8. Mai 1945 erinnert. Das markierte das Ende des Zweiten Weltkriegs in Europa und die Befreiung vom Nationalsozialismus.<\/p>\n<p>&nbsp;<\/p>\n<table>\n<tbody>\n<tr>\n<td width=\"307\"><img loading=\"lazy\" decoding=\"async\" data-attachment-id=\"6382\" data-permalink=\"https:\/\/www.max-weber-berufskolleg.de\/web\/stolpersteine-in-duesseldorf-das-mwbk-erinnert\/stein2021\/\" data-orig-file=\"https:\/\/i0.wp.com\/www.max-weber-berufskolleg.de\/web\/wp-content\/uploads\/2021\/05\/Stein2021.jpg?fit=349%2C394&amp;ssl=1\" data-orig-size=\"349,394\" data-comments-opened=\"1\" data-image-meta=\"{&quot;aperture&quot;:&quot;0&quot;,&quot;credit&quot;:&quot;&quot;,&quot;camera&quot;:&quot;&quot;,&quot;caption&quot;:&quot;&quot;,&quot;created_timestamp&quot;:&quot;0&quot;,&quot;copyright&quot;:&quot;&quot;,&quot;focal_length&quot;:&quot;0&quot;,&quot;iso&quot;:&quot;0&quot;,&quot;shutter_speed&quot;:&quot;0&quot;,&quot;title&quot;:&quot;&quot;,&quot;orientation&quot;:&quot;0&quot;}\" data-image-title=\"Stein2021\" data-image-description=\"\" data-image-caption=\"\" data-medium-file=\"https:\/\/i0.wp.com\/www.max-weber-berufskolleg.de\/web\/wp-content\/uploads\/2021\/05\/Stein2021.jpg?fit=266%2C300&amp;ssl=1\" data-large-file=\"https:\/\/i0.wp.com\/www.max-weber-berufskolleg.de\/web\/wp-content\/uploads\/2021\/05\/Stein2021.jpg?fit=349%2C394&amp;ssl=1\" class=\"aligncenter size-full wp-image-6382\" src=\"https:\/\/i0.wp.com\/www.max-weber-berufskolleg.de\/web\/wp-content\/uploads\/2021\/05\/Stein2021.jpg?resize=349%2C394&#038;ssl=1\" alt=\"\" width=\"349\" height=\"394\" srcset=\"https:\/\/i0.wp.com\/www.max-weber-berufskolleg.de\/web\/wp-content\/uploads\/2021\/05\/Stein2021.jpg?w=349&amp;ssl=1 349w, https:\/\/i0.wp.com\/www.max-weber-berufskolleg.de\/web\/wp-content\/uploads\/2021\/05\/Stein2021.jpg?resize=266%2C300&amp;ssl=1 266w\" sizes=\"auto, (max-width: 349px) 100vw, 349px\" data-recalc-dims=\"1\" \/><\/td>\n<td width=\"307\">&nbsp;<\/p>\n<p>Die \u201eStolpersteine\u201c des K\u00fcnstlers Gunter Demnig erinnern an M\u00e4nner, Frauen und Kinder, die Opfer der nationalsozialistischen Gewaltherrschaft wurden. 265 Steine wurden bereits im gesamten D\u00fcsseldorfer Stadtgebiet verlegt.<\/p>\n<p>&nbsp;<\/p>\n<p>https:\/\/de.wikipedia.org\/wiki\/Liste_der_Stolpersteine_in_D\u00fcsseldorf<\/p>\n<p>&nbsp;<\/td>\n<\/tr>\n<\/tbody>\n<\/table>\n<p>Schicken sie uns ein Foto von einem Stolperstein in \u201eihrem\u201c Viertel \u00fcber Instagram an uns! Nametag: <strong>mwbkduesseldorf<\/strong><\/p>\n<p>Informationen zur Collage und zum Projekt &#8222;Schule ohne Rassismus&#8220; erhalten Sie ebenfalls \u00fcber Instagram oder per mail an: <a href=\"mailto:sor@max-weber-berufskolleg.de\">sor@max-weber-berufskolleg.de<\/a><\/p>\n<p>Aus Ihren Fotos werden wir eine Collage erstellen und auf unserer Homepage ver\u00f6ffentlichen &#8211;\u00a0 gegen das Vergessen.<\/p>\n<div class=\"twoclick_social_bookmarks_post_6383 social_share_privacy clearfix 1.6.4 locale-de_DE sprite-de_DE\"><\/div><div class=\"twoclick-js\"><script type=\"text\/javascript\">\/* <![CDATA[ *\/\njQuery(document).ready(function($){if($('.twoclick_social_bookmarks_post_6383')){$('.twoclick_social_bookmarks_post_6383').socialSharePrivacy({\"services\":{\"facebook\":{\"status\":\"on\",\"txt_info\":\"2 Klicks f\\u00fcr mehr Datenschutz: Erst wenn Sie hier klicken, wird der Button aktiv und Sie k\\u00f6nnen Ihre Empfehlung an Facebook senden. Schon beim Aktivieren werden Daten an Dritte \\u00fcbertragen - siehe <em>i<\\\/em>.\",\"perma_option\":\"off\",\"action\":\"recommend\",\"language\":\"de_DE\"},\"twitter\":{\"reply_to\":\"\",\"tweet_text\":\"%20Stolpersteine%20in%20D%C3%BCsseldorf%20%E2%80%93%20das%20%23MWBK%20erinnert%21%20%C2%BB%20MWBK%20...\",\"status\":\"on\",\"txt_info\":\"2 Klicks f\\u00fcr mehr Datenschutz: Erst wenn Sie hier klicken, wird der Button aktiv und Sie k\\u00f6nnen Ihre Empfehlung an Twitter senden. Schon beim Aktivieren werden Daten an Dritte \\u00fcbertragen - siehe <em>i<\\\/em>.\",\"perma_option\":\"off\",\"language\":\"de\",\"referrer_track\":\"\"}},\"txt_help\":\"Wenn Sie diese Felder durch einen Klick aktivieren, werden Informationen an Facebook, Twitter, Flattr, Xing, t3n, LinkedIn, Pinterest oder Google eventuell ins Ausland \\u00fcbertragen und unter Umst\\u00e4nden auch dort gespeichert. N\\u00e4heres erfahren Sie durch einen Klick auf das <em>i<\\\/em>.\",\"settings_perma\":\"Dauerhaft aktivieren und Daten\\u00fcber-tragung zustimmen:\",\"info_link\":\"http:\\\/\\\/www.heise.de\\\/ct\\\/artikel\\\/2-Klicks-fuer-mehr-Datenschutz-1333879.html\",\"uri\":\"https:\\\/\\\/www.max-weber-berufskolleg.de\\\/web\\\/stolpersteine-in-duesseldorf-das-mwbk-erinnert\\\/\",\"post_id\":6383,\"post_title_referrer_track\":\"Stolpersteine+in+D%C3%BCsseldorf+%26%238211%3B+das+%23MWBK+erinnert%21\",\"display_infobox\":\"on\"});}});\n\/* ]]> *\/<\/script><\/div>","protected":false},"excerpt":{"rendered":"<p>Der Tag der Befreiung ist ein Gedenktag, der an die bedingungslose Kapitulation der Wehrmacht am 8. Mai 1945 erinnert. Das markierte das Ende des Zweiten Weltkriegs in Europa und die Befreiung vom Nationalsozialismus. &nbsp; &nbsp; Die \u201eStolpersteine\u201c des K\u00fcnstlers Gunter Demnig erinnern an M\u00e4nner, Frauen und Kinder, die Opfer der nationalsozialistischen Gewaltherrschaft wurden. 265 Steine &#8230;<a class=\"post-readmore\" href=\"https:\/\/www.max-weber-berufskolleg.de\/web\/stolpersteine-in-duesseldorf-das-mwbk-erinnert\/\">read more<\/a><\/p>\n","protected":false},"author":9,"featured_media":6382,"comment_status":"open","ping_status":"open","sticky":false,"template":"","format":"standard","meta":{"jetpack_post_was_ever_published":false,"footnotes":"","_expiration-date-status":"saved","_expiration-date":0,"_expiration-date-type":"","_expiration-date-categories":[],"_expiration-date-options":[]},"categories":[1,70,342],"tags":[39,111,132,185],"class_list":["post-6383","post","type-post","status-publish","format-standard","has-post-thumbnail","hentry","category-allgemein","category-ausbildung","category-sor","tag-aktion","tag-duesseldorf","tag-europa","tag-projekt"],"jetpack_featured_media_url":"https:\/\/i0.wp.com\/www.max-weber-berufskolleg.de\/web\/wp-content\/uploads\/2021\/05\/Stein2021.jpg?fit=349%2C394&ssl=1","jetpack-related-posts":[{"id":4725,"url":"https:\/\/www.max-weber-berufskolleg.de\/web\/cross-cultural-learning-und-digital-coaching-am-max-weber-berufskolleg\/","url_meta":{"origin":6383,"position":0},"title":"Cross-cultural learning und digital coaching am Max-Weber-Berufskolleg","date":"4. Oktober 2019","format":false,"excerpt":"Am 23. September 2019 fanden beide Veranstaltungen im Rahmen des Auslandspraktikums und der Zusatzqualifikation \u201eInternationale berufliche Mobilit\u00e4t\u201c statt. Als Teil der Vorbereitung auf ein Auslandspraktikum besuchten 15 Auszubildende das Seminar zum cross-cultural-learning. In dem Seminar wurden neben vielf\u00e4ltigen Kulturdefinitionen insbesondere Stolpersteine bei der verbalen und non-verbalen Kommunikation im Ausland fokussiert.\u2026","rel":"","context":"In &quot;Allgemein&quot;","img":{"alt_text":"","src":"https:\/\/i0.wp.com\/www.max-weber-berufskolleg.de\/web\/wp-content\/uploads\/2019\/10\/Datenschutz-inter2019.jpg?fit=900%2C1200&ssl=1&resize=350%2C200","width":350,"height":200},"classes":[]},{"id":1286,"url":"https:\/\/www.max-weber-berufskolleg.de\/web\/das-mwbk-nimmt-am-europatag-der-stadt-duesseldorf-teil\/","url_meta":{"origin":6383,"position":1},"title":"Das MWBK nimmt am Europatag der Stadt D\u00fcsseldorf teil","date":"4. Mai 2015","format":false,"excerpt":"Am Samstag, den 9. Mai 2015, wird das Max-Weber-Berufskolleg am 15. D\u00fcsseldorfer Europatag im D\u00fcsseldorfer Rathaus teilnehmen. Dabei werden u.a. folgende Aktivit\u00e4ten des Max-Weber-Berufskollegs vorgestellt: Begleitende Auslandspraktika f\u00fcr H\u00f6here Handelssch\u00fcler und Berufssch\u00fcler in \u00d6sterreich, Spanien, Portugal oder Finnland. Einsatz von Tablets (iPads) im Unterricht: europaweites Projekt mit unseren Partnerschulen in\u2026","rel":"","context":"In &quot;Berufsschule&quot;","img":{"alt_text":"","src":"https:\/\/i0.wp.com\/www.max-weber-berufskolleg.de\/web\/wp-content\/uploads\/2015\/05\/IMG_0876-e1430661524170.jpg?fit=600%2C424&ssl=1&resize=350%2C200","width":350,"height":200},"classes":[]},{"id":4789,"url":"https:\/\/www.max-weber-berufskolleg.de\/web\/frankreich-in-suedamerika-sieben-schueler-des-mwbk-waren-dabei\/","url_meta":{"origin":6383,"position":2},"title":"Frankreich in S\u00fcdamerika &#8211; Sieben Sch\u00fcler des #MWBK waren dabei","date":"4. November 2019","format":false,"excerpt":"Vom 07. bis zum 25. Oktober 2019 haben sich sieben Sch\u00fclerinnen und Sch\u00fcler des Max-Weber-Berufskollegs auf das Abenteuer \"ein Hauch von Europa in S\u00fcdamerika\" eingelassen und ein Auslandspraktikum in Kourou, Franz\u00f6sisch Guyana absolviert. M\u00f6glich gemacht hat das zum einen die F\u00f6rderung durch das Programm Erasmus+ der Europ\u00e4ischen Kommission \u00fcber das\u2026","rel":"","context":"In &quot;Allgemein&quot;","img":{"alt_text":"","src":"https:\/\/i0.wp.com\/www.max-weber-berufskolleg.de\/web\/wp-content\/uploads\/2019\/11\/frenchg-hp.jpg?fit=900%2C1200&ssl=1&resize=350%2C200","width":350,"height":200},"classes":[]},{"id":4820,"url":"https:\/\/www.max-weber-berufskolleg.de\/web\/diffspanischausgezeichnet2019\/","url_meta":{"origin":6383,"position":3},"title":"Differenzierungskurs Spanisch in der H\u00f6heren Handelsschule wird mit dem \u201eeTwinning\u201c Qualit\u00e4tssiegel durch den p\u00e4dagogischen Austauschdienst ausgezeichnet","date":"14. November 2019","format":false,"excerpt":"In diesem Jahr (2019) hat der Differenzierungskurs Spanisch der H\u00f6heren Handelsschule f\u00fcr die Durchf\u00fchrung und die Sch\u00fclerergebnisse im eTwinning Projekt \u00a1As\u00ed vivo yo! das eTwinning-Qualit\u00e4tssiegel gewonnen. Ein digitales und interaktives Projekt, das mit Sch\u00fclerinnen und Sch\u00fclern der H\u00f6heren Handelsschule gemeinsam mit anderen Sch\u00fclerinnen und Sch\u00fclern aus Polen, Frankreich, Spanien, Italien\u2026","rel":"","context":"In &quot;Allgemein&quot;","img":{"alt_text":"","src":"https:\/\/i0.wp.com\/www.max-weber-berufskolleg.de\/web\/wp-content\/uploads\/2019\/11\/Grafik-QS-250x170mm-scaled.jpg?fit=1200%2C816&ssl=1&resize=350%2C200","width":350,"height":200},"classes":[]},{"id":5178,"url":"https:\/\/www.max-weber-berufskolleg.de\/web\/mwbk-bewirbt-sich-um2020\/","url_meta":{"origin":6383,"position":4},"title":"#MWBK bewirbt sich um Auszeichnung \u201eSchule ohne Rassismus &#8211; Schule mit Courage\u201c","date":"5. M\u00e4rz 2020","format":false,"excerpt":"Das Max-Weber-Berufskolleg nimmt an der Initiative \u201eSchule ohne Rassismus - Schule mit Courage\u201c teil. Dass das viel mehr als nur ein Blechschild an der Schulfassade sein wird, zeigte der gestrige Tag (03.03.2020) und die Er\u00f6ffnung der Wanderausstellung \u201eMensch du hast Recht(e)\u201c. Die Antisemitismusbeauftragte des Landes NRW und ehemalige Bundesjustizministerin, Frau\u2026","rel":"","context":"In &quot;Allgemein&quot;","img":{"alt_text":"","src":"https:\/\/i0.wp.com\/www.max-weber-berufskolleg.de\/web\/wp-content\/uploads\/2020\/03\/IMG_9923.jpg?fit=640%2C640&ssl=1&resize=350%2C200","width":350,"height":200},"classes":[]},{"id":4740,"url":"https:\/\/www.max-weber-berufskolleg.de\/web\/digitalisierung-in-kinderschuhen-ein-projekt-der-it-oberstufe-des-mwbk\/","url_meta":{"origin":6383,"position":5},"title":"Digitalisierung in Kinderschuhen \u2013 Ein Projekt der IT-Oberstufe des #MWBK","date":"9. Oktober 2019","format":false,"excerpt":"Am 8. Oktober 2019 haben zwei Sch\u00fcler stellvertretend aus der IT-Klasse den Kindergarten \"Die W\u00fchlm\u00e4use\" in Krefeld besucht. Im Rahmen des Deutsch-Projektes ,,Digitalisierung in Kinderschuhen: Erste digitale Schritte im Kindesalter\" stellte sich die Frage, inwieweit Kinder mit digitalen Medien umgehen und inwiefern wir \u2013 als Digitalexperten \u2013 dahingehend unterst\u00fctzend zur\u2026","rel":"","context":"In &quot;Allgemein&quot;","img":{"alt_text":"","src":"https:\/\/i0.wp.com\/www.max-weber-berufskolleg.de\/web\/wp-content\/uploads\/2019\/10\/Kinddig3.jpg?fit=1200%2C900&ssl=1&resize=350%2C200","width":350,"height":200},"classes":[]}],"jetpack_sharing_enabled":true,"_links":{"self":[{"href":"https:\/\/www.max-weber-berufskolleg.de\/web\/wp-json\/wp\/v2\/posts\/6383","targetHints":{"allow":["GET"]}}],"collection":[{"href":"https:\/\/www.max-weber-berufskolleg.de\/web\/wp-json\/wp\/v2\/posts"}],"about":[{"href":"https:\/\/www.max-weber-berufskolleg.de\/web\/wp-json\/wp\/v2\/types\/post"}],"author":[{"embeddable":true,"href":"https:\/\/www.max-weber-berufskolleg.de\/web\/wp-json\/wp\/v2\/users\/9"}],"replies":[{"embeddable":true,"href":"https:\/\/www.max-weber-berufskolleg.de\/web\/wp-json\/wp\/v2\/comments?post=6383"}],"version-history":[{"count":2,"href":"https:\/\/www.max-weber-berufskolleg.de\/web\/wp-json\/wp\/v2\/posts\/6383\/revisions"}],"predecessor-version":[{"id":6386,"href":"https:\/\/www.max-weber-berufskolleg.de\/web\/wp-json\/wp\/v2\/posts\/6383\/revisions\/6386"}],"wp:featuredmedia":[{"embeddable":true,"href":"https:\/\/www.max-weber-berufskolleg.de\/web\/wp-json\/wp\/v2\/media\/6382"}],"wp:attachment":[{"href":"https:\/\/www.max-weber-berufskolleg.de\/web\/wp-json\/wp\/v2\/media?parent=6383"}],"wp:term":[{"taxonomy":"category","embeddable":true,"href":"https:\/\/www.max-weber-berufskolleg.de\/web\/wp-json\/wp\/v2\/categories?post=6383"},{"taxonomy":"post_tag","embeddable":true,"href":"https:\/\/www.max-weber-berufskolleg.de\/web\/wp-json\/wp\/v2\/tags?post=6383"}],"curies":[{"name":"wp","href":"https:\/\/api.w.org\/{rel}","templated":true}]}}