{"id":8094,"date":"2023-08-06T12:05:55","date_gmt":"2023-08-06T10:05:55","guid":{"rendered":"https:\/\/www.max-weber-berufskolleg.de\/web\/?p=8094"},"modified":"2023-09-12T17:42:03","modified_gmt":"2023-09-12T15:42:03","slug":"herzlich-willkommen-am-mwbk","status":"publish","type":"post","link":"https:\/\/www.max-weber-berufskolleg.de\/web\/herzlich-willkommen-am-mwbk\/","title":{"rendered":"Herzlich willkommen am MWBK"},"content":{"rendered":"<p>Am Montag, 07.08., beginnt das neue Schuljahr und damit f\u00fcr Sie eine spannende Zeit in Fachoberschule, Berufsfachschule, Berufsschule oder Fachschule.<\/p>\n<p>Wir freuen uns darauf, Sie kennenzulernen!<\/p>\n<p>Ihre Klassenlehrer und Klassenlehrerinnen werden Sie in den ersten Tagen mit allen notwendigen Informationen und Formularen versorgen.<\/p>\n<p>Ihre Klassenbezeichnung sollte Ihnen per Mail zugegangen sein. Damit k\u00f6nnen Sie unter WebUntis Ihren Stundenplan und damit Ihren individuellen Unterrichtsbeginn und den Unterrichtsraum herausfinden.<\/p>\n<p>Unser Geb\u00e4ude ist gro\u00df und verschachtelt. Damit Sie sich zurechtfinden, werden in den ersten Tagen Lehrer und Lehrerinnen als Lotsen im Eingangsbereich stehen. Wenn Sie Ihren Raum wissen, wird die Orientierung schneller gehen.<\/p>\n<p>Bis Montag oder wann immer Ihr erster Berufsschultag ist \u2026<\/p>\n<p>&nbsp;<\/p>\n<div class=\"twoclick_social_bookmarks_post_8094 social_share_privacy clearfix 1.6.4 locale-de_DE sprite-de_DE\"><\/div><div class=\"twoclick-js\"><script type=\"text\/javascript\">\/* <![CDATA[ *\/\njQuery(document).ready(function($){if($('.twoclick_social_bookmarks_post_8094')){$('.twoclick_social_bookmarks_post_8094').socialSharePrivacy({\"services\":{\"facebook\":{\"status\":\"on\",\"txt_info\":\"2 Klicks f\\u00fcr mehr Datenschutz: Erst wenn Sie hier klicken, wird der Button aktiv und Sie k\\u00f6nnen Ihre Empfehlung an Facebook senden. Schon beim Aktivieren werden Daten an Dritte \\u00fcbertragen - siehe <em>i<\\\/em>.\",\"perma_option\":\"off\",\"action\":\"recommend\",\"language\":\"de_DE\"},\"twitter\":{\"reply_to\":\"\",\"tweet_text\":\"Herzlich%20willkommen%20am%20MWBK%20%C2%BB%20MWBK%20D%C3%BCsseldorf\",\"status\":\"on\",\"txt_info\":\"2 Klicks f\\u00fcr mehr Datenschutz: Erst wenn Sie hier klicken, wird der Button aktiv und Sie k\\u00f6nnen Ihre Empfehlung an Twitter senden. Schon beim Aktivieren werden Daten an Dritte \\u00fcbertragen - siehe <em>i<\\\/em>.\",\"perma_option\":\"off\",\"language\":\"de\",\"referrer_track\":\"\"}},\"txt_help\":\"Wenn Sie diese Felder durch einen Klick aktivieren, werden Informationen an Facebook, Twitter, Flattr, Xing, t3n, LinkedIn, Pinterest oder Google eventuell ins Ausland \\u00fcbertragen und unter Umst\\u00e4nden auch dort gespeichert. N\\u00e4heres erfahren Sie durch einen Klick auf das <em>i<\\\/em>.\",\"settings_perma\":\"Dauerhaft aktivieren und Daten\\u00fcber-tragung zustimmen:\",\"info_link\":\"http:\\\/\\\/www.heise.de\\\/ct\\\/artikel\\\/2-Klicks-fuer-mehr-Datenschutz-1333879.html\",\"uri\":\"https:\\\/\\\/www.max-weber-berufskolleg.de\\\/web\\\/herzlich-willkommen-am-mwbk\\\/\",\"post_id\":8094,\"post_title_referrer_track\":\"Herzlich+willkommen+am+MWBK\",\"display_infobox\":\"on\"});}});\n\/* ]]> *\/<\/script><\/div>","protected":false},"excerpt":{"rendered":"<p>Am Montag, 07.08., beginnt das neue Schuljahr und damit f\u00fcr Sie eine spannende Zeit in Fachoberschule, Berufsfachschule, Berufsschule oder Fachschule. Wir freuen uns darauf, Sie kennenzulernen! Ihre Klassenlehrer und Klassenlehrerinnen werden Sie in den ersten Tagen mit allen notwendigen Informationen und Formularen versorgen. Ihre Klassenbezeichnung sollte Ihnen per Mail zugegangen sein. Damit k\u00f6nnen Sie unter &#8230;<a class=\"post-readmore\" href=\"https:\/\/www.max-weber-berufskolleg.de\/web\/herzlich-willkommen-am-mwbk\/\">read more<\/a><\/p>\n","protected":false},"author":9,"featured_media":8097,"comment_status":"closed","ping_status":"closed","sticky":false,"template":"","format":"standard","meta":{"jetpack_post_was_ever_published":false,"footnotes":"","_expiration-date-status":"","_expiration-date":0,"_expiration-date-type":"","_expiration-date-categories":[],"_expiration-date-options":[]},"categories":[1],"tags":[],"class_list":["post-8094","post","type-post","status-publish","format-standard","has-post-thumbnail","hentry","category-allgemein"],"jetpack_featured_media_url":"https:\/\/i0.wp.com\/www.max-weber-berufskolleg.de\/web\/wp-content\/uploads\/2023\/08\/Raumnummern-scaled.jpg?fit=1920%2C2560&ssl=1","jetpack-related-posts":[{"id":5406,"url":"https:\/\/www.max-weber-berufskolleg.de\/web\/neuer-stundenplan-ab-4-mai-2020-distance-learning-ist-nun-gruen\/","url_meta":{"origin":8094,"position":0},"title":"Neuer Stundenplan ab 4. Mai 2020 &#8211; Distance Learning ist nun gr\u00fcn","date":"28. April 2020","format":false,"excerpt":"Ab Montag, 4. Mai 2020 gilt ein neuer Stundenplan, mit dem weitere Klassen wieder zur\u00fcck in den Pr\u00e4senzunterricht kommen. Einige Klassen werden einen Teil Ihrer Stunden oder alle Stunden in \"Gr\u00fcn\" vorfinden. Diese Stunden werden weiterhin \u00fcber Distance Learning unterrichtet. Den Stundenplan finden Sie wie gewohnt auf DSBmobile. Wenn Ihre\u2026","rel":"","context":"In &quot;Allgemein&quot;","img":{"alt_text":"","src":"https:\/\/i0.wp.com\/www.max-weber-berufskolleg.de\/web\/wp-content\/uploads\/2020\/04\/Stdplangruen.jpg?fit=512%2C394&ssl=1&resize=350%2C200","width":350,"height":200},"classes":[]},{"id":7003,"url":"https:\/\/www.max-weber-berufskolleg.de\/web\/aenderung-der-teststrategie-ab-montag-28-02-2022\/","url_meta":{"origin":8094,"position":1},"title":"\u00c4nderung der Teststrategie ab Montag, 28. Februar 2022","date":"17. Februar 2022","format":false,"excerpt":"Die Landesregierung reagiert mit der heutigen Schulmail auf die positiven Entwicklungen in der Corona-Epedemie und passt die Teststrategie an. Ab Montag, 28. Februar 2022, gilt Folgendes: Die Testpflicht f\u00fcr bereits immunisierte Personen (also geimpfte oder genesene Personen; dazu z\u00e4hlen Sch\u00fclerinnen und Sch\u00fcler, Lehrkr\u00e4fte und weitere an Schule Besch\u00e4ftigte) wird aufgehoben.\u2026","rel":"","context":"In &quot;Allgemein&quot;","img":{"alt_text":"","src":"https:\/\/i0.wp.com\/www.max-weber-berufskolleg.de\/web\/wp-content\/uploads\/2022\/02\/no-mask-no-entry.png?fit=1080%2C1080&ssl=1&resize=350%2C200","width":350,"height":200},"classes":[]},{"id":4700,"url":"https:\/\/www.max-weber-berufskolleg.de\/web\/jeden-ersten-mittwoch-im-monat-regelmaessige-sprechstunde-zur-berufs-und-weiterbildung-am-mwbk\/","url_meta":{"origin":8094,"position":2},"title":"Jeden ersten Mittwoch im Monat: Regelm\u00e4\u00dfige Sprechstunde zur Berufs- und Weiterbildung am #MWBK","date":"23. September 2019","format":false,"excerpt":"Sie machen schon bald Ihren Schul- oder Ausbildungsabschluss und befinden sich noch im beruflichen Findungsprozess? Oder wollen schon zu Beginn Ihrer Ausbildung wissen, wie es beruflich f\u00fcr Sie weitergehen kann? Dann besuchen Sie gerne die regelm\u00e4\u00dfige Sprechstunde unseres Berufsberaters der Bundesagentur f\u00fcr Arbeit und informieren sich ganz unverbindlich und vertraulich\u2026","rel":"","context":"In &quot;Allgemein&quot;","img":{"alt_text":"","src":"https:\/\/i0.wp.com\/www.max-weber-berufskolleg.de\/web\/wp-content\/uploads\/2019\/09\/Berufsberatung-Bild.jpeg?fit=1200%2C920&ssl=1&resize=350%2C200","width":350,"height":200},"classes":[]},{"id":8977,"url":"https:\/\/www.max-weber-berufskolleg.de\/web\/jetzt-beratungstermin-buchen-und-anmeldung-sichern\/","url_meta":{"origin":8094,"position":3},"title":"Jetzt Beratungstermin buchen und Anmeldung sichern!","date":"25. November 2024","format":false,"excerpt":"Sichern Sie sich schon jetzt Ihren Beratungstermin zur Anmeldung am Max-Weber-Berufskolleg! Wichtige Hinweise: Eine Anmeldung in der\u00a0H\u00f6heren Handelsschule\u00a0oder in der\u00a0FOS 11\/12\u00a0ist nur m\u00f6glich, wenn Sie zum Halbjahreszeugnis einen Beratungstermin wahrgenommen haben. Ohne Beratung kann leider keine Anmeldung erfolgen. Melden Sie sich daher fr\u00fchzeitig f\u00fcr einen Beratungstermin an, damit Sie nach\u2026","rel":"","context":"In &quot;Anmeldung&quot;","img":{"alt_text":"","src":"https:\/\/i0.wp.com\/www.max-weber-berufskolleg.de\/web\/wp-content\/uploads\/2024\/11\/Links.png?fit=943%2C350&ssl=1&resize=350%2C200","width":350,"height":200},"classes":[]},{"id":6578,"url":"https:\/\/www.max-weber-berufskolleg.de\/web\/schulstart-am-mittwoch-18-august-2021-informationen-fuer-schueler-innen-und-ausbilder-innenr\/","url_meta":{"origin":8094,"position":4},"title":"Schulstart am Mittwoch, 18. August 2021 &#8211; Informationen f\u00fcr Sch\u00fcler\/innen und Ausbilder\/innen","date":"7. August 2021","format":false,"excerpt":"In der kommenden Woche nehmen wir die Klasseneinteilung vor. Leider war dies nicht fr\u00fcher m\u00f6glich, weil viele Anmeldungen in diesem Jahr erst sehr sp\u00e4t gekommen sind. Anschlie\u00dfend erhalten Sie sp\u00e4testens am kommenden Freitag eine E-Mail mit der Klassenbezeichnung Ihrer Auszubildenden. Wir werden bei der Klasseneinteilung spezielle W\u00fcnsche bez\u00fcglich Berufsschultage, Zusatzqualifikationen\u2026","rel":"","context":"In &quot;Allgemein&quot;","img":{"alt_text":"","src":"https:\/\/i0.wp.com\/www.max-weber-berufskolleg.de\/web\/wp-content\/uploads\/2021\/08\/Los2022.jpg?fit=780%2C210&ssl=1&resize=350%2C200","width":350,"height":200},"classes":[]},{"id":5210,"url":"https:\/\/www.max-weber-berufskolleg.de\/web\/unterrichtseinstellung-ab-montag-16-maerz-2020-regelungen-fuer-unsere-schueler\/","url_meta":{"origin":8094,"position":5},"title":"Corona &#8211; Informationen f\u00fcr Sch\u00fcler und Ausbilder &#8211; fortlaufende Aktualisierungen bis zum 16.04.2020","date":"13. M\u00e4rz 2020","format":false,"excerpt":"Hinweis: Dieser Artikel ist geschlossen. Er gibt die Entwicklung bis zum 16.04.2020 wieder! Neuere Informationen erhalten Sie hier! Update 05.04.2020 13:00 h Pr\u00fcfungen der Handwerkskammer (neue Termine bzw. Terminbest\u00e4tigung) \u00a0Die Abschlusspr\u00fcfungen 1. Teil, beispielsweise im Beruf \"B\u00fcromanagement\", die Ende April stattfinden sollten, werden auf den regul\u00e4ren Herbst-Termin verlegt. Ausnahme hiervon:\u2026","rel":"","context":"In &quot;Allgemein&quot;","img":{"alt_text":"","src":"https:\/\/i0.wp.com\/www.max-weber-berufskolleg.de\/web\/wp-content\/uploads\/2020\/03\/Schlie\u00df.png?fit=772%2C477&ssl=1&resize=350%2C200","width":350,"height":200},"classes":[]}],"jetpack_sharing_enabled":true,"_links":{"self":[{"href":"https:\/\/www.max-weber-berufskolleg.de\/web\/wp-json\/wp\/v2\/posts\/8094","targetHints":{"allow":["GET"]}}],"collection":[{"href":"https:\/\/www.max-weber-berufskolleg.de\/web\/wp-json\/wp\/v2\/posts"}],"about":[{"href":"https:\/\/www.max-weber-berufskolleg.de\/web\/wp-json\/wp\/v2\/types\/post"}],"author":[{"embeddable":true,"href":"https:\/\/www.max-weber-berufskolleg.de\/web\/wp-json\/wp\/v2\/users\/9"}],"replies":[{"embeddable":true,"href":"https:\/\/www.max-weber-berufskolleg.de\/web\/wp-json\/wp\/v2\/comments?post=8094"}],"version-history":[{"count":1,"href":"https:\/\/www.max-weber-berufskolleg.de\/web\/wp-json\/wp\/v2\/posts\/8094\/revisions"}],"predecessor-version":[{"id":8098,"href":"https:\/\/www.max-weber-berufskolleg.de\/web\/wp-json\/wp\/v2\/posts\/8094\/revisions\/8098"}],"wp:featuredmedia":[{"embeddable":true,"href":"https:\/\/www.max-weber-berufskolleg.de\/web\/wp-json\/wp\/v2\/media\/8097"}],"wp:attachment":[{"href":"https:\/\/www.max-weber-berufskolleg.de\/web\/wp-json\/wp\/v2\/media?parent=8094"}],"wp:term":[{"taxonomy":"category","embeddable":true,"href":"https:\/\/www.max-weber-berufskolleg.de\/web\/wp-json\/wp\/v2\/categories?post=8094"},{"taxonomy":"post_tag","embeddable":true,"href":"https:\/\/www.max-weber-berufskolleg.de\/web\/wp-json\/wp\/v2\/tags?post=8094"}],"curies":[{"name":"wp","href":"https:\/\/api.w.org\/{rel}","templated":true}]}}