{"id":9582,"date":"2026-03-26T10:07:45","date_gmt":"2026-03-26T09:07:45","guid":{"rendered":"https:\/\/www.max-weber-berufskolleg.de\/web\/?p=9582"},"modified":"2026-03-27T10:08:52","modified_gmt":"2026-03-27T09:08:52","slug":"neue-wege-neue-chancen-digitale-infostunde-zur-weiterbildung","status":"publish","type":"post","link":"https:\/\/www.max-weber-berufskolleg.de\/web\/neue-wege-neue-chancen-digitale-infostunde-zur-weiterbildung\/","title":{"rendered":"Neue Wege, neue Chancen: Digitale Infostunde zur Weiterbildung"},"content":{"rendered":"<p class=\"font-claude-response-body break-words whitespace-normal leading-[1.7]\" style=\"text-align: justify;\">Ausbildung geschafft \u2013 und dann? Um unseren Sch\u00fcler:innen fr\u00fchzeitig Perspektiven aufzuzeigen, haben wir heute eine Informationsstunde f\u00fcr alle Blockklassen durchgef\u00fchrt. Eingeladen waren die Kaufleute f\u00fcr B\u00fcromanagement, Industriekaufleute, Verwaltungsfachangestellte, IT-Systemkaufleute und Kaufleute f\u00fcr Digitalisierungsmanagement.<\/p>\n<p class=\"font-claude-response-body break-words whitespace-normal leading-[1.7]\" style=\"text-align: justify;\">Im Fokus standen die vielf\u00e4ltigen Weiterbildungsm\u00f6glichkeiten an unserem Berufskolleg und bei unseren Kooperationspartnern. Ob Fachschule f\u00fcr Wirtschaft oder Angebote unserer Hochschulpartner: Die Wege nach der Ausbildung sind vielf\u00e4ltig.<\/p>\n<p class=\"font-claude-response-body break-words whitespace-normal leading-[1.7]\" style=\"text-align: justify;\">Das Besondere an dieser Veranstaltung: Sie fand vollst\u00e4ndig digital per Videokonferenz statt. So konnten alle Blockklassen teilnehmen, unabh\u00e4ngig von ihrem Berufsschultag.<\/p>\n<p class=\"font-claude-response-body break-words whitespace-normal leading-[1.7]\" style=\"text-align: justify;\">\n<p class=\"font-claude-response-body break-words whitespace-normal leading-[1.7]\" style=\"text-align: justify;\">Alle Informationen zum Nachlesen finden Sie in der <a class=\"underline underline-offset-2 decoration-1 decoration-current\/40 hover:decoration-current focus:decoration-current\" href=\"https:\/\/view.genially.com\/69b3d8a64084245bb3ec9227\" target=\"_blank\" rel=\"noopener\">Pr\u00e4sentation<\/a>.<\/p>\n<div class=\"twoclick_social_bookmarks_post_9582 social_share_privacy clearfix 1.6.4 locale-de_DE sprite-de_DE\"><\/div><div class=\"twoclick-js\"><script type=\"text\/javascript\">\/* <![CDATA[ *\/\njQuery(document).ready(function($){if($('.twoclick_social_bookmarks_post_9582')){$('.twoclick_social_bookmarks_post_9582').socialSharePrivacy({\"services\":{\"facebook\":{\"status\":\"on\",\"txt_info\":\"2 Klicks f\\u00fcr mehr Datenschutz: Erst wenn Sie hier klicken, wird der Button aktiv und Sie k\\u00f6nnen Ihre Empfehlung an Facebook senden. Schon beim Aktivieren werden Daten an Dritte \\u00fcbertragen - siehe <em>i<\\\/em>.\",\"perma_option\":\"off\",\"action\":\"recommend\",\"language\":\"de_DE\"},\"twitter\":{\"reply_to\":\"\",\"tweet_text\":\"%20Neue%20Wege%2C%20neue%20Chancen%3A%20Digitale%20Infostunde%20zur%20Weiterbildung%20%C2%BB%20MWBK%20...\",\"status\":\"on\",\"txt_info\":\"2 Klicks f\\u00fcr mehr Datenschutz: Erst wenn Sie hier klicken, wird der Button aktiv und Sie k\\u00f6nnen Ihre Empfehlung an Twitter senden. Schon beim Aktivieren werden Daten an Dritte \\u00fcbertragen - siehe <em>i<\\\/em>.\",\"perma_option\":\"off\",\"language\":\"de\",\"referrer_track\":\"\"}},\"txt_help\":\"Wenn Sie diese Felder durch einen Klick aktivieren, werden Informationen an Facebook, Twitter, Flattr, Xing, t3n, LinkedIn, Pinterest oder Google eventuell ins Ausland \\u00fcbertragen und unter Umst\\u00e4nden auch dort gespeichert. N\\u00e4heres erfahren Sie durch einen Klick auf das <em>i<\\\/em>.\",\"settings_perma\":\"Dauerhaft aktivieren und Daten\\u00fcber-tragung zustimmen:\",\"info_link\":\"http:\\\/\\\/www.heise.de\\\/ct\\\/artikel\\\/2-Klicks-fuer-mehr-Datenschutz-1333879.html\",\"uri\":\"https:\\\/\\\/www.max-weber-berufskolleg.de\\\/web\\\/neue-wege-neue-chancen-digitale-infostunde-zur-weiterbildung\\\/\",\"post_id\":9582,\"post_title_referrer_track\":\"Neue+Wege%2C+neue+Chancen%3A+Digitale+Infostunde+zur+Weiterbildung\",\"display_infobox\":\"on\"});}});\n\/* ]]> *\/<\/script><\/div>","protected":false},"excerpt":{"rendered":"<p>Ausbildung geschafft \u2013 und dann? Um unseren Sch\u00fcler:innen fr\u00fchzeitig Perspektiven aufzuzeigen, haben wir heute eine Informationsstunde f\u00fcr alle Blockklassen durchgef\u00fchrt. Eingeladen waren die Kaufleute f\u00fcr B\u00fcromanagement, Industriekaufleute, Verwaltungsfachangestellte, IT-Systemkaufleute und Kaufleute f\u00fcr Digitalisierungsmanagement. Im Fokus standen die vielf\u00e4ltigen Weiterbildungsm\u00f6glichkeiten an unserem Berufskolleg und bei unseren Kooperationspartnern. Ob Fachschule f\u00fcr Wirtschaft oder Angebote unserer Hochschulpartner: Die &#8230;<a class=\"post-readmore\" href=\"https:\/\/www.max-weber-berufskolleg.de\/web\/neue-wege-neue-chancen-digitale-infostunde-zur-weiterbildung\/\">read more<\/a><\/p>\n","protected":false},"author":9,"featured_media":9583,"comment_status":"closed","ping_status":"closed","sticky":true,"template":"","format":"standard","meta":{"jetpack_post_was_ever_published":false,"footnotes":"","_expiration-date-status":"","_expiration-date":0,"_expiration-date-type":"","_expiration-date-categories":[],"_expiration-date-options":[]},"categories":[1],"tags":[],"class_list":["post-9582","post","type-post","status-publish","format-standard","has-post-thumbnail","hentry","category-allgemein"],"jetpack_featured_media_url":"https:\/\/i0.wp.com\/www.max-weber-berufskolleg.de\/web\/wp-content\/uploads\/2026\/03\/IMG_7254-scaled.jpeg?fit=1920%2C2560&ssl=1","jetpack-related-posts":[{"id":3984,"url":"https:\/\/www.max-weber-berufskolleg.de\/web\/abschlussfeier-2018-der-blockklassen-am-max-weber-berufskolleg\/","url_meta":{"origin":9582,"position":0},"title":"Abschlussfeier 2018 der Blockklassen am Max-Weber- Berufskolleg","date":"13. Dezember 2018","format":false,"excerpt":"Am 30.11.2018 fand die diesj\u00e4hrige Abschlussveranstaltung der Blockklassen statt. Die Kaufleute f\u00fcr B\u00fcromanagement der B6206 organisierte die festliche Veranstaltung im Rahmen ihres Lernfeldes \u201eProjektmanagement\u201c. Neben der weihnachtlichen Atmosph\u00e4re und der Zeugnisausgabe standen dieses Mal noch weitere Punkte auf dem Programm. Unter anderem sorgten ein Duell zwischen Sch\u00fcler und Lehrer sowie\u2026","rel":"","context":"In &quot;Allgemein&quot;","img":{"alt_text":"","src":"https:\/\/i0.wp.com\/www.max-weber-berufskolleg.de\/web\/wp-content\/uploads\/2018\/12\/Block2018.jpg?fit=1200%2C535&ssl=1&resize=350%2C200","width":350,"height":200},"classes":[]},{"id":4880,"url":"https:\/\/www.max-weber-berufskolleg.de\/web\/abschlussfeier-2019-der-blockklassen\/","url_meta":{"origin":9582,"position":1},"title":"Abschlussfeier 2019 der Blockklassen","date":"6. Dezember 2019","format":false,"excerpt":"Am 29. November 2019 fand die diesj\u00e4hrige Abschlussfeier der Blocklassen der Kaufleute f\u00fcr B\u00fcromanagement, Dialogmarketing, Industrie und Verwaltung am Max-Weber-Berufskolleg unter dem Motto \u201eN\u00e4chstenliebe\u201c statt. Die B\u00fcromanagementklasse B7206 \u00fcbernahm die Planung und Organisation der Veranstaltung. Unsere Moderatoren Nora H. und Carlos C. f\u00fchrten die Absolventen\/innen und Lehrer\/innen durch die Veranstaltung.\u2026","rel":"","context":"In &quot;Allgemein&quot;","img":{"alt_text":"","src":"https:\/\/i0.wp.com\/www.max-weber-berufskolleg.de\/web\/wp-content\/uploads\/2019\/12\/Blockabschluss2019.jpg?resize=350%2C200&ssl=1","width":350,"height":200},"classes":[]},{"id":6198,"url":"https:\/\/www.max-weber-berufskolleg.de\/web\/wiederaufnahme-des-praesenzunterrichts-ab-dem-22-februar-2021-fuer-abschlussklassen\/","url_meta":{"origin":9582,"position":2},"title":"Wiederaufnahme des Pr\u00e4senzunterrichts ab dem 22. Februar 2021 f\u00fcr Abschlussklassen","date":"16. Februar 2021","format":false,"excerpt":"Sehr geehrte Damen und Herren, nach Beschluss der Landesregierung findet der Unterricht der Klassen, die nicht sp\u00e4testens im Sommer 2021 in die Abschlusspr\u00fcfung gehen, weiterhin \u00fcber die Distanz statt. F\u00fcr die Abschlussklassen haben wir folgende Regelung getroffen: die Steuerfachangestellten-Oberstufen werden im Zeitraum vom 22.02. \u2013 24.02.2021 in Pr\u00e4senz beschult, danach\u2026","rel":"","context":"In &quot;Allgemein&quot;","img":{"alt_text":"","src":"https:\/\/i0.wp.com\/www.max-weber-berufskolleg.de\/web\/wp-content\/uploads\/2021\/02\/zurueck2021.jpg?fit=1200%2C228&ssl=1&resize=350%2C200","width":350,"height":200},"classes":[]},{"id":9130,"url":"https:\/\/www.max-weber-berufskolleg.de\/web\/europaeische-spitzen-auszeichnung-fuer-unser-digitalprojekt\/","url_meta":{"origin":9582,"position":3},"title":"Europ\u00e4ische Spitzen-Auszeichnung f\u00fcr unser Digitalprojekt!","date":"29. April 2025","format":false,"excerpt":"\"MOOC Entrepreneurial Skills\" gewinnt den eTwinning European Prize Wir platzen vor Stolz! Unser Projekt\u00a0\u201eMOOC Entrepreneurial Skills\u201c\u00a0wurde mit dem\u00a0eTwinning European Prize\u00a0ausgezeichnet \u2013 der h\u00f6chsten europ\u00e4ischen Ehrung f\u00fcr digitale Austauschprojekte im Bildungsbereich. Dieser Preis wird von der\u00a0Europ\u00e4ischen Kommission\u00a0vergeben und w\u00fcrdigt herausragende Leistungen von Lehrkr\u00e4ften und Sch\u00fcler:innen in ganz Europa. Im Zentrum unseres\u2026","rel":"","context":"In &quot;Allgemein&quot;","img":{"alt_text":"","src":"https:\/\/i0.wp.com\/www.max-weber-berufskolleg.de\/web\/wp-content\/uploads\/2025\/04\/IMG_1285.jpg?fit=1200%2C1200&ssl=1&resize=350%2C200","width":350,"height":200},"classes":[]},{"id":6413,"url":"https:\/\/www.max-weber-berufskolleg.de\/web\/rueckkehr-zum-praesenzunterricht-ab-dem-31-mai-2021\/","url_meta":{"origin":9582,"position":4},"title":"Update: R\u00fcckkehr zum Pr\u00e4senzunterricht ab dem 31.Mai 2021-Brief der Schulleitung","date":"22. Mai 2021","format":false,"excerpt":"Ab dem 31.05.2021 kehren alle Unter- und Mittelstufen grunds\u00e4tzlich in den Pr\u00e4senzunterricht zur\u00fcck. Das gilt auch f\u00fcr die Blockklassen. Der Unterricht aller Oberstufen wird zum 28.05.2021 beendet. Die Klassenlehrer\/innen werden \u00fcber Itslearning individuelle Termine zur Zeugnisausgabe mit den Oberstufenklassen vereinbaren. Die neue Situation bedingt \u00c4nderungen im aktuellen Stunden- und Raumplan.\u2026","rel":"","context":"In &quot;Allgemein&quot;","img":{"alt_text":"","src":"https:\/\/i0.wp.com\/www.max-weber-berufskolleg.de\/web\/wp-content\/uploads\/2021\/05\/Praesenz2021.jpg?fit=1200%2C263&ssl=1&resize=350%2C200","width":350,"height":200},"classes":[]},{"id":4226,"url":"https:\/\/www.max-weber-berufskolleg.de\/web\/valentin-2019\/","url_meta":{"origin":9582,"position":5},"title":"Valentin 2019 &#8211; Joyeuse Saint-Valentin: Franz\u00f6sische Valentinsgr\u00fc\u00dfe","date":"14. Februar 2019","format":false,"excerpt":"Die Franz\u00f6sischsch\u00fclerinnen\/-sch\u00fcler des Franz\u00f6sischkurses \u201eKaufleute f\u00fcr B\u00fcromanagement\u201c des Max-Weber-Berufskollegs haben f\u00fcr Valentinstag digitale franz\u00f6sische \u201eAmour Gr\u00fc\u00dfe\u201c geschrieben. Rechtzeitig zum Valentinstag finden Sie diese Ergebnisse auf unserer Instagram- und Facebookseite. F\u00fcr unseren modernen Franz\u00f6sischunterricht sind uns am Max-Weber-Berufskolleg folgende Faktoren sehr wichtig: Einsatz von smarten bzw. digitalen Medien Kreative und lebensnahe\u2026","rel":"","context":"In &quot;Allgemein&quot;","img":{"alt_text":"","src":"https:\/\/i0.wp.com\/www.max-weber-berufskolleg.de\/web\/wp-content\/uploads\/2019\/02\/Valentin_pic.jpg?fit=1200%2C1200&ssl=1&resize=350%2C200","width":350,"height":200},"classes":[]}],"jetpack_sharing_enabled":true,"_links":{"self":[{"href":"https:\/\/www.max-weber-berufskolleg.de\/web\/wp-json\/wp\/v2\/posts\/9582","targetHints":{"allow":["GET"]}}],"collection":[{"href":"https:\/\/www.max-weber-berufskolleg.de\/web\/wp-json\/wp\/v2\/posts"}],"about":[{"href":"https:\/\/www.max-weber-berufskolleg.de\/web\/wp-json\/wp\/v2\/types\/post"}],"author":[{"embeddable":true,"href":"https:\/\/www.max-weber-berufskolleg.de\/web\/wp-json\/wp\/v2\/users\/9"}],"replies":[{"embeddable":true,"href":"https:\/\/www.max-weber-berufskolleg.de\/web\/wp-json\/wp\/v2\/comments?post=9582"}],"version-history":[{"count":1,"href":"https:\/\/www.max-weber-berufskolleg.de\/web\/wp-json\/wp\/v2\/posts\/9582\/revisions"}],"predecessor-version":[{"id":9584,"href":"https:\/\/www.max-weber-berufskolleg.de\/web\/wp-json\/wp\/v2\/posts\/9582\/revisions\/9584"}],"wp:featuredmedia":[{"embeddable":true,"href":"https:\/\/www.max-weber-berufskolleg.de\/web\/wp-json\/wp\/v2\/media\/9583"}],"wp:attachment":[{"href":"https:\/\/www.max-weber-berufskolleg.de\/web\/wp-json\/wp\/v2\/media?parent=9582"}],"wp:term":[{"taxonomy":"category","embeddable":true,"href":"https:\/\/www.max-weber-berufskolleg.de\/web\/wp-json\/wp\/v2\/categories?post=9582"},{"taxonomy":"post_tag","embeddable":true,"href":"https:\/\/www.max-weber-berufskolleg.de\/web\/wp-json\/wp\/v2\/tags?post=9582"}],"curies":[{"name":"wp","href":"https:\/\/api.w.org\/{rel}","templated":true}]}}